{"id":24881,"date":"2016-07-25T13:21:13","date_gmt":"2016-07-25T18:21:13","guid":{"rendered":"https:\/\/radiowebmx.com\/nota\/?p=24881"},"modified":"2016-07-25T13:21:13","modified_gmt":"2016-07-25T18:21:13","slug":"univim-forma-y-actualiza-a-sus-tutores-en-pro-de-la-calidad-educativa","status":"publish","type":"post","link":"https:\/\/radiowebmx.com\/nota\/univim-forma-y-actualiza-a-sus-tutores-en-pro-de-la-calidad-educativa\/","title":{"rendered":"Univim forma y actualiza a sus tutores en pro de la calidad educativa"},"content":{"rendered":"<p><a href=\"https:\/\/radiowebmx.com\/nota\/wp-content\/uploads\/2016\/07\/452cdc51-ea60-4138-a806-bb89e7aa7d0c.jpg\"><img loading=\"lazy\" decoding=\"async\" class=\"alignleft size-full wp-image-24882\" src=\"https:\/\/radiowebmx.com\/nota\/wp-content\/uploads\/2016\/07\/452cdc51-ea60-4138-a806-bb89e7aa7d0c.jpg\" alt=\"452cdc51-ea60-4138-a806-bb89e7aa7d0c\" width=\"591\" height=\"312\" srcset=\"https:\/\/radiowebmx.com\/nota\/wp-content\/uploads\/2016\/07\/452cdc51-ea60-4138-a806-bb89e7aa7d0c.jpg 591w, https:\/\/radiowebmx.com\/nota\/wp-content\/uploads\/2016\/07\/452cdc51-ea60-4138-a806-bb89e7aa7d0c-300x158.jpg 300w\" sizes=\"auto, (max-width: 591px) 100vw, 591px\" \/><\/a>Con el objetivo de fortalecer la calidad en el proceso de ense\u00f1anza aprendizaje, tal y como lo ha instruido el Gobernador Silvano Aureoles Conejo,\u00a0la Universidad Virtual del Estado de Michoac\u00e1n (Univim) realiz\u00f3 el curso de formaci\u00f3n y actualizaci\u00f3n de tutores.<\/p>\n<p>En este marco, la rectora de la Univim, Silvia Mendoza Valenzuela, invit\u00f3 a los nuevos tutores a dar lo mejor de s\u00ed en favor de los michoacanos, \u201cya que con su apoyo y formaci\u00f3n juntos avanzaremos hacia un mejor porvenir en la entidad\u201d.<\/p>\n<p>Adem\u00e1s, destac\u00f3 que gracias a las firmas de convenios de colaboraci\u00f3n interinstitucional que se han realizado con los presidentes municipales y diferentes instituciones federales y estatales, sindicatos e iniciativa privada, la matr\u00edcula en la Univim se ha incrementado de manera significativa, lo cual ha dado pie a la contrataci\u00f3n de nuevos tutores.<\/p>\n<p>Explic\u00f3 de manera breve la flexibilidad de horarios que tiene la instituci\u00f3n y lo din\u00e1mico de la educaci\u00f3n virtual, por lo que invit\u00f3 a los tutores a mantener comunicaci\u00f3n constante con los estudiantes, ya que gran parte de los alumnos de la Univim estudian y trabajan al mismo tiempo, por lo que sus trabajos y tareas son entregados en un horario nocturno, principalmente.<\/p>\n","protected":false},"excerpt":{"rendered":"<p>La matr\u00edcula de la casa de estudios se ha incrementado de manera significativa, lo cual ha dado pie a la contrataci\u00f3n de nuevos tutores, destaca la rectora Silvia Mendoza Valenzuela.<\/p>\n","protected":false},"author":1,"featured_media":24882,"comment_status":"open","ping_status":"open","sticky":false,"template":"","format":"standard","meta":{"footnotes":""},"categories":[14,3],"tags":[],"class_list":["post-24881","post","type-post","status-publish","format-standard","has-post-thumbnail","hentry","category-destacadas","category-gobierno-del-estado-de-michoacan"],"_links":{"self":[{"href":"https:\/\/radiowebmx.com\/nota\/wp-json\/wp\/v2\/posts\/24881","targetHints":{"allow":["GET"]}}],"collection":[{"href":"https:\/\/radiowebmx.com\/nota\/wp-json\/wp\/v2\/posts"}],"about":[{"href":"https:\/\/radiowebmx.com\/nota\/wp-json\/wp\/v2\/types\/post"}],"author":[{"embeddable":true,"href":"https:\/\/radiowebmx.com\/nota\/wp-json\/wp\/v2\/users\/1"}],"replies":[{"embeddable":true,"href":"https:\/\/radiowebmx.com\/nota\/wp-json\/wp\/v2\/comments?post=24881"}],"version-history":[{"count":1,"href":"https:\/\/radiowebmx.com\/nota\/wp-json\/wp\/v2\/posts\/24881\/revisions"}],"predecessor-version":[{"id":24883,"href":"https:\/\/radiowebmx.com\/nota\/wp-json\/wp\/v2\/posts\/24881\/revisions\/24883"}],"wp:featuredmedia":[{"embeddable":true,"href":"https:\/\/radiowebmx.com\/nota\/wp-json\/wp\/v2\/media\/24882"}],"wp:attachment":[{"href":"https:\/\/radiowebmx.com\/nota\/wp-json\/wp\/v2\/media?parent=24881"}],"wp:term":[{"taxonomy":"category","embeddable":true,"href":"https:\/\/radiowebmx.com\/nota\/wp-json\/wp\/v2\/categories?post=24881"},{"taxonomy":"post_tag","embeddable":true,"href":"https:\/\/radiowebmx.com\/nota\/wp-json\/wp\/v2\/tags?post=24881"}],"curies":[{"name":"wp","href":"https:\/\/api.w.org\/{rel}","templated":true}]}}