{"id":2488,"date":"2013-05-03T12:43:28","date_gmt":"2013-05-03T17:43:28","guid":{"rendered":"https:\/\/radiowebmx.com\/nota\/?p=2488"},"modified":"2013-05-03T12:43:28","modified_gmt":"2013-05-03T17:43:28","slug":"han-ingresado-60-mil-aves-provenientes-de-estados-con-influenza-aviar-a-michoacan-sergio-benitez-suarez","status":"publish","type":"post","link":"https:\/\/radiowebmx.com\/nota\/han-ingresado-60-mil-aves-provenientes-de-estados-con-influenza-aviar-a-michoacan-sergio-benitez-suarez\/","title":{"rendered":"Han ingresado 60 mil aves provenientes de Estados con Influenza Aviar a Michoac\u00e1n: Sergio Ben\u00edtez Su\u00e1rez"},"content":{"rendered":"<p>En sesi\u00f3n ordinaria, el pleno del Congreso del Estado aprob\u00f3 por unanimidad el punto de Acuerdo por el que se exhorta al Ejecutivo Federal, para que a trav\u00e9s de la Secretar\u00eda de Agricultura, Ganader\u00eda, Desarrollo Rural, Pesca y Alimentaci\u00f3n (SAGARPA), en coordinaci\u00f3n con el Gobierno Estatal, para que por medio de la Secretar\u00eda de Desarrollo Rural se re\u00fanan con productores av\u00edcolas de Michoac\u00e1n, a fin de acordar e implementar medias de protecci\u00f3n que atiendan el alto riesgo de presencia del virus de influenza aviar H7 N3 en la entidad.<\/p>\n<p>Lo anterior, a propuesta del diputado emanado del Partido Acci\u00f3n Nacional, Sergio Ben\u00edtez Su\u00e1rez, quien declar\u00f3 que afortunadamente en el Estado aun no se ha registrado de manera oficial alg\u00fan caso de infecci\u00f3n, pero es de considerarse de alto riesgo de contagio, debido a la colindancia con los estados donde se han registrado mayor numero de casos\u201d.<\/p>\n<p>\u201cLas medidas de prevenci\u00f3n deben ser mayores, ya que a pesar de que Michoac\u00e1n es un productor importante de carne de pollo, que actualmente satisface un 80 por ciento de la producci\u00f3n local; tan s\u00f3lo en los dos primeros meses de este a\u00f1o ingresaron al Estado m\u00e1s de 60 mil aves vivas de los Estados vecinos que se encuentran infectados, sin los controles correspondientes\u201d, puntualiz\u00f3.<\/p>\n<p>As\u00ed mismo, el legislador estim\u00f3 que de entrar a territorio michoacano el virus H7 N3, implicar\u00eda un alto riesgo de sacrificar, o de que mueran 776 mil aves de traspatio, pudiendo afectar a poco m\u00e1s de 180 mil familias que utilizan las Gallinas como generadoras de huevo y carne, adem\u00e1s de que podr\u00eda darse una potencial p\u00e9rdida de m\u00e1s de 6 millones de pollos de engorda, lo que representa varios cientos de millones de pesos, empleos directos e indirectos afectados\u201d, se\u00f1al\u00f3.<\/p>\n<p>Para finalizar, el tambi\u00e9n presidente de la Comisi\u00f3n de Asuntos Electorales y Participaci\u00f3n Ciudadana en el Congreso local, durante su participaci\u00f3n en tribuna; hizo un llamado respetuoso a las legislaturas de las dem\u00e1s entidades federativas, con el objetivo de que puedan sumarse al exhorto hacia las autoridades correspondientes, para que implementen medidas de protecci\u00f3n a la sanidad av\u00edcola como la vacunaci\u00f3n de las Aves en riesgo, as\u00ed como el control estricto de la movilizaci\u00f3n de Aves vivas a sus Estados, y se puedan reforzar los controles de vigilancia, monitoreo y bioseguridad en el pa\u00eds.<\/p>\n<p>Finalmente reiter\u00f3, \u201cdebemos poner puntual atenci\u00f3n a esta problem\u00e1tica, porque un brote en un Estado con alto porcentaje de autosuficiencia en la producci\u00f3n av\u00edcola, como lo es actualmente Michoac\u00e1n, ocasionar\u00eda graves da\u00f1os a la econom\u00eda familiar y sobre todo a los productores locales, por ello, actuemos en consecuencia y previniendo esta posibilidad\u201d, concluy\u00f3.<\/p>\n","protected":false},"excerpt":{"rendered":"<p>En sesi\u00f3n ordinaria, el pleno del Congreso del Estado aprob\u00f3 por unanimidad el punto de Acuerdo por el que se exhorta al Ejecutivo Federal, para que a trav\u00e9s de la Secretar\u00eda de Agricultura, Ganader\u00eda, Desarrollo Rural, Pesca y Alimentaci\u00f3n (SAGARPA),<\/p>\n","protected":false},"author":1,"featured_media":0,"comment_status":"open","ping_status":"open","sticky":false,"template":"","format":"standard","meta":{"footnotes":""},"categories":[6,8],"tags":[],"class_list":["post-2488","post","type-post","status-publish","format-standard","hentry","category-congreso-del-estado","category-grupo-parlamentario-del-pan"],"_links":{"self":[{"href":"https:\/\/radiowebmx.com\/nota\/wp-json\/wp\/v2\/posts\/2488","targetHints":{"allow":["GET"]}}],"collection":[{"href":"https:\/\/radiowebmx.com\/nota\/wp-json\/wp\/v2\/posts"}],"about":[{"href":"https:\/\/radiowebmx.com\/nota\/wp-json\/wp\/v2\/types\/post"}],"author":[{"embeddable":true,"href":"https:\/\/radiowebmx.com\/nota\/wp-json\/wp\/v2\/users\/1"}],"replies":[{"embeddable":true,"href":"https:\/\/radiowebmx.com\/nota\/wp-json\/wp\/v2\/comments?post=2488"}],"version-history":[{"count":1,"href":"https:\/\/radiowebmx.com\/nota\/wp-json\/wp\/v2\/posts\/2488\/revisions"}],"predecessor-version":[{"id":2489,"href":"https:\/\/radiowebmx.com\/nota\/wp-json\/wp\/v2\/posts\/2488\/revisions\/2489"}],"wp:attachment":[{"href":"https:\/\/radiowebmx.com\/nota\/wp-json\/wp\/v2\/media?parent=2488"}],"wp:term":[{"taxonomy":"category","embeddable":true,"href":"https:\/\/radiowebmx.com\/nota\/wp-json\/wp\/v2\/categories?post=2488"},{"taxonomy":"post_tag","embeddable":true,"href":"https:\/\/radiowebmx.com\/nota\/wp-json\/wp\/v2\/tags?post=2488"}],"curies":[{"name":"wp","href":"https:\/\/api.w.org\/{rel}","templated":true}]}}