{"id":24867,"date":"2016-07-25T13:09:38","date_gmt":"2016-07-25T18:09:38","guid":{"rendered":"https:\/\/radiowebmx.com\/nota\/?p=24867"},"modified":"2016-07-25T13:09:38","modified_gmt":"2016-07-25T18:09:38","slug":"semigrante-atiende-a-las-y-los-michoacanos-radicados-en-el-sur-de-california","status":"publish","type":"post","link":"https:\/\/radiowebmx.com\/nota\/semigrante-atiende-a-las-y-los-michoacanos-radicados-en-el-sur-de-california\/","title":{"rendered":"Semigrante atiende a las y los michoacanos radicados en el sur de California"},"content":{"rendered":"<p><a href=\"https:\/\/radiowebmx.com\/nota\/wp-content\/uploads\/2016\/07\/b295e1b7-7f9a-4b07-89dd-4113100e60ff.jpeg\"><img loading=\"lazy\" decoding=\"async\" class=\"alignleft size-full wp-image-24868\" src=\"https:\/\/radiowebmx.com\/nota\/wp-content\/uploads\/2016\/07\/b295e1b7-7f9a-4b07-89dd-4113100e60ff.jpeg\" alt=\"b295e1b7-7f9a-4b07-89dd-4113100e60ff\" width=\"591\" height=\"253\" srcset=\"https:\/\/radiowebmx.com\/nota\/wp-content\/uploads\/2016\/07\/b295e1b7-7f9a-4b07-89dd-4113100e60ff.jpeg 591w, https:\/\/radiowebmx.com\/nota\/wp-content\/uploads\/2016\/07\/b295e1b7-7f9a-4b07-89dd-4113100e60ff-300x128.jpeg 300w\" sizes=\"auto, (max-width: 591px) 100vw, 591px\" \/><\/a>Michoac\u00e1n sigue a la vanguardia en la atenci\u00f3n a los migrantes dentro y fuera del territorio mexicano, se consolida como un estado binacional y estrecha lazos con las comunidades migrantes, a las que la Secretar\u00eda del Migrante (Semigrante) les acerca sus servicios en Estados Unidos.<\/p>\n<p>Como parte de las acciones que realiza la Semigrante para atender a las y los michoacanos en la Uni\u00f3n Americana, su titular, Jos\u00e9 Luis Guti\u00e9rrez, realiz\u00f3 una gira de trabajo por condados y ciudades del sur de California, como Los \u00c1ngeles, Ventura, San Bernardino y Orange, en donde realiz\u00f3 diversas actividades, entre las que destacan reuniones con c\u00f3nsules, l\u00edderes migrantes, representantes de confederaciones de organizaciones y autoridades estatales.<\/p>\n<p>El funcionario estatal se reuni\u00f3 con el c\u00f3nsul de M\u00e9xico en Los \u00c1ngeles, Carlos Garc\u00eda de Alba, con quien acord\u00f3 llevar a cabo por primera vez el Mes de Michoac\u00e1n en esa ciudad el pr\u00f3ximo a\u00f1o, con el objetivo de dar a conocer la riqueza cultural, gastron\u00f3mica y artesanal del estado, refrendando con ello la identidad de los michoacanos en el extranjero.<\/p>\n<p>Posteriormente, en las instalaciones de la Casa Michoac\u00e1n en Los \u00c1ngeles, Jos\u00e9 Luis Guti\u00e9rrez se reuni\u00f3 con el alcalde de Villamar, Joel L\u00f3pez Padilla, l\u00edderes migrantes del sur de California e integrantes de clubes migrantes de connacionales originarios de ese municipio, con quienes se trabajar\u00e1 para la creaci\u00f3n de nuevos clubes que permitan promover el desarrollo de las comunidades michoacanas a trav\u00e9s de proyectos productivos y de infraestructura dentro del Programa 3&#215;1 para Migrantes.<\/p>\n<p>Asimismo, el titular de la Semigrante se reuni\u00f3 con el c\u00f3nsul de M\u00e9xico en San Bernardino, Enrique Salom\u00f3n Rosas, con la finalidad de acercar los servicios que la dependencia ofrece a los cerca de 250 mil michoacanos y sus familias que radican en esta zona de California.<\/p>\n<p>Como parte de los preparativos para la Celebraci\u00f3n Cultural Michoacana en el Sur de California, el funcionario estatal se reuni\u00f3 con representantes de la Confederaci\u00f3n de Organizaciones de California, clubes de oriundos de Michoac\u00e1n y l\u00edderes migrantes de los municipios de San Juan Nuevo Parangaricutiro, Jos\u00e9 Sixto Verduzco, Jacona, Cotija y Villamar, con quienes se acord\u00f3 el plan de trabajo para esta celebraci\u00f3n.<\/p>\n<p>El secretario del Migrante tambi\u00e9n visit\u00f3 Monterrey Park, en donde fue recibido por autoridades de esa ciudad, quienes manifestaron su inter\u00e9s por fortalecer el programa de ciudades hermanas, as\u00ed como el establecer una cooperaci\u00f3n institucional entre los departamentos de bomberos de M\u00e9xico y Estados Unidos.<\/p>\n<p>Posteriormente, en reuni\u00f3n con Mario Cuevas, c\u00f3nsul general de M\u00e9xico en Santa Ana, convers\u00f3 sobre la uni\u00f3n de esfuerzos para hacer m\u00e1s accesible la expedici\u00f3n de actas del Registro Civil para los michoacanos residentes en el condado de Orange; asimismo, el Consulado ofreci\u00f3 colaborar en la promoci\u00f3n tur\u00edstica de Michoac\u00e1n y fortalecer el trabajo coordinado con el Gobierno del Estado, que encabeza Silvano Aureoles Conejo.<\/p>\n<p>Jos\u00e9 Luis Guti\u00e9rrez tambi\u00e9n se reuni\u00f3 con integrantes de la Federaci\u00f3n de Michoacanos de los condados de Orange y Santa Ana, as\u00ed como con l\u00edderes de los clubes de migrantes \u201cPur\u00e9pero\u201d, \u201cD\u00e1maso C\u00e1rdenas\u201d y \u201cTar\u00edmbaro\u201d, con quienes se establecieron acuerdos para fortalecer las actividades que realiza la Federaci\u00f3n; adem\u00e1s, escuch\u00f3 sus inquietudes y propuestas para una atenci\u00f3n integral a los migrantes michoacanos que radican en esta zona.<\/p>\n<p>Visit\u00f3 adem\u00e1s el Centro Jalisco -ubicado en Lynwood y que proporciona atenci\u00f3n a migrantes del vecino estado de la Rep\u00fablica-, en donde se reuni\u00f3 con la responsable, Denisse D\u00edaz, con quien revis\u00f3 la posibilidad de intercambiar experiencias sobre proyectos educativos que permitan brindar mayores oportunidades de aprendizaje a los migrantes michoacanos.<\/p>\n<p>Para concluir su gira, el titular de la Semigrante acudi\u00f3 al Consulado de Oxnard, en donde se reuni\u00f3 con su c\u00f3nsul Roberto Rodr\u00edguez, integrantes de la organizaci\u00f3n \u201cMi Caf\u00e9\u201d y l\u00edderes migrantes, con quienes abord\u00f3 temas como el Programa 3&#215;1 para Migrantes y el fortalecimiento a las organizaciones conformadas por connacionales.<\/p>\n","protected":false},"excerpt":{"rendered":"<p>Michoac\u00e1n sigue a la vanguardia en la atenci\u00f3n a los migrantes dentro y fuera del territorio mexicano, se consolida como un estado binacional y estrecha lazos con las comunidades migrantes,<\/p>\n","protected":false},"author":1,"featured_media":24868,"comment_status":"open","ping_status":"open","sticky":false,"template":"","format":"standard","meta":{"footnotes":""},"categories":[14,3],"tags":[],"class_list":["post-24867","post","type-post","status-publish","format-standard","has-post-thumbnail","hentry","category-destacadas","category-gobierno-del-estado-de-michoacan"],"_links":{"self":[{"href":"https:\/\/radiowebmx.com\/nota\/wp-json\/wp\/v2\/posts\/24867","targetHints":{"allow":["GET"]}}],"collection":[{"href":"https:\/\/radiowebmx.com\/nota\/wp-json\/wp\/v2\/posts"}],"about":[{"href":"https:\/\/radiowebmx.com\/nota\/wp-json\/wp\/v2\/types\/post"}],"author":[{"embeddable":true,"href":"https:\/\/radiowebmx.com\/nota\/wp-json\/wp\/v2\/users\/1"}],"replies":[{"embeddable":true,"href":"https:\/\/radiowebmx.com\/nota\/wp-json\/wp\/v2\/comments?post=24867"}],"version-history":[{"count":1,"href":"https:\/\/radiowebmx.com\/nota\/wp-json\/wp\/v2\/posts\/24867\/revisions"}],"predecessor-version":[{"id":24869,"href":"https:\/\/radiowebmx.com\/nota\/wp-json\/wp\/v2\/posts\/24867\/revisions\/24869"}],"wp:featuredmedia":[{"embeddable":true,"href":"https:\/\/radiowebmx.com\/nota\/wp-json\/wp\/v2\/media\/24868"}],"wp:attachment":[{"href":"https:\/\/radiowebmx.com\/nota\/wp-json\/wp\/v2\/media?parent=24867"}],"wp:term":[{"taxonomy":"category","embeddable":true,"href":"https:\/\/radiowebmx.com\/nota\/wp-json\/wp\/v2\/categories?post=24867"},{"taxonomy":"post_tag","embeddable":true,"href":"https:\/\/radiowebmx.com\/nota\/wp-json\/wp\/v2\/tags?post=24867"}],"curies":[{"name":"wp","href":"https:\/\/api.w.org\/{rel}","templated":true}]}}