{"id":2486,"date":"2013-05-03T12:41:43","date_gmt":"2013-05-03T17:41:43","guid":{"rendered":"https:\/\/radiowebmx.com\/nota\/?p=2486"},"modified":"2013-05-03T12:41:43","modified_gmt":"2013-05-03T17:41:43","slug":"integran-consejo-estatal-para-la-cruzada-nacional-contra-el-hambre","status":"publish","type":"post","link":"https:\/\/radiowebmx.com\/nota\/integran-consejo-estatal-para-la-cruzada-nacional-contra-el-hambre\/","title":{"rendered":"INTEGRAN CONSEJO ESTATAL PARA LA CRUZADA NACIONAL CONTRA EL HAMBRE"},"content":{"rendered":"<p>El gobernador Jes\u00fas Reyna Garc\u00eda y el delegado en la entidad de la Secretar\u00eda de Desarrollo Social federal (SEDESOL), V\u00edctor Manuel Silva Tejeda, signaron el acta constitutiva del Consejo Estatal para la Cruzada contra el Hambre en Michoac\u00e1n, integrado por organizaciones de los sectores privado y social, instituciones acad\u00e9micas, organismos e instituciones internacionales, que estar\u00e1n al pendiente de la aplicaci\u00f3n y evaluaci\u00f3n de esta estrategia nacional.<\/p>\n<p>Durante el evento de instalaci\u00f3n y en presencia del delegado estatal de la Secretar\u00eda de Gobernaci\u00f3n federal, Rogelio Caballero Meraz, el jefe del Ejecutivo estatal solicit\u00f3 a los miembros de este organismo el trabajar \u201csin simulaci\u00f3n, ocup\u00e1ndonos por imperativo moral por quienes m\u00e1s nos necesitan, pues estoy resuelto a continuar con la visi\u00f3n de gobierno humanista del gobernador constitucional Fausto Vallejo, quien siempre ha reconocido que Michoac\u00e1n, es compromiso de todos\u201d.<\/p>\n<p>Reyna Garc\u00eda apunt\u00f3 que los integrantes de este Consejo, tienen una gran tarea por realizar, pues les corresponder\u00e1 formular las propuestas para la aplicaci\u00f3n y orientaci\u00f3n de este programa, adem\u00e1s de impulsar la participaci\u00f3n de otros ciudadanos solidarios y comprometidos en la operaci\u00f3n, seguimiento y evaluaci\u00f3n de la Cruzada.<\/p>\n<p>\u201cYa no existen aquellos tiempos en que un gobierno pretend\u00eda hacer todo. Erradicar el hambre y la pobreza extrema, hoy requiere de un trabajo conjunto entre sociedad y gobierno; con este Consejo estamos unificando y compatibilizando nuestro trabajo y visi\u00f3n para ser m\u00e1s eficaces al hacer cada quien lo que le corresponde\u201d, afirm\u00f3 el gobernador del estado.<\/p>\n<p>El delegado de SEDESOL en Michoac\u00e1n, V\u00edctor Manuel Silva Tejeda, explic\u00f3 que este Consejo que sesionar\u00e1 de manera ordinaria cada mes y extraordinaria cuantas veces sea necesario, trabajar\u00e1 de manera paralela al Comit\u00e9 Intersecretarial que se instal\u00f3 hace unos d\u00edas.<\/p>\n<p>Detall\u00f3 que entre algunas de sus funciones se encuentran emitir opiniones y formular propuestas sobre la aplicaci\u00f3n y orientaci\u00f3n de la Cruzada; deber\u00e1 tomar en consideraci\u00f3n la informaci\u00f3n oficial disponible del INEGI, Coneval, entre otras instancias para los an\u00e1lisis convenientes; proponer la colaboraci\u00f3n de organismos nacionales e internacionales, as\u00ed como la realizaci\u00f3n de estudios e investigaciones; solicitar a los organismos participantes datos sobre los programas y acciones que realizan para conocer los avances en cumplimiento de los objetivos; integrar las comisiones tem\u00e1ticas que se consideren pertinentes para el ejercicio de sus funciones; promover esquemas de trabajo entre sectores.<\/p>\n<p>Tambi\u00e9n contempla el realizar visitas de campo para conocer operaci\u00f3n de programas y acciones, adem\u00e1s de promover que las publicaciones, libros y dem\u00e1s documentos que se elaboren sean consensados y conocidos por el Consejo.<\/p>\n<p>Mencion\u00f3 que en el Consejo en que funge como presidente, el gobernador Jes\u00fas Reyna ser\u00e1 invitado permanente.<\/p>\n<p>Silva Tejeda record\u00f3 adem\u00e1s que en el Decreto en que se establece la instalaci\u00f3n del Sistema Nacional de la Cruzada contra el Hambre (SIN HAMBRE) y en que se especifican sus l\u00edneas de operaci\u00f3n; se precisa la participaci\u00f3n de 15 secretar\u00edas de estado y 3 dependencias m\u00e1s federales para la operaci\u00f3n de la Cruzada, que implica la participaci\u00f3n del gobierno federal con 76 programas federales.<\/p>\n<p>El enlace de SEDESOL en nuestro estado agradeci\u00f3 el inter\u00e9s de los integrantes de este Consejo por sumarse a la Cruzada, que representa el programa m\u00e1s importante del presidente de la Rep\u00fablica Enrique Pe\u00f1a Nieto, y que asever\u00f3, no tienen que ver s\u00f3lo con la entrega de despensas, sino con los 76 programas que se tendr\u00e1n que alinear y atender cuestiones de vivienda, seguridad social, servicios p\u00fablicos b\u00e1sicos, desarrollo econ\u00f3mico, empleo, entre otros; \u201cen nuestro pa\u00eds no se hab\u00edan manejado programas con estas caracter\u00edsticas\u201d, destac\u00f3.<\/p>\n<p>Como integrante de la academia y en representaci\u00f3n del rector de la Universidad Michoacana de San Nicol\u00e1s de Hidalgo, Salvador Jara Guerrero, el secretario t\u00e9cnico de la M\u00e1xima Casa de Estudios del estado, Egberto Bedolla Becerril, ofreci\u00f3 todo el apoyo de la Universidad para este Consejo, en lo referente a la investigaci\u00f3n en salud, administrativa y social, adem\u00e1s de ofrecer sus estudios multidisciplinarios que abonen a combatir la pobreza en el pa\u00eds.<\/p>\n<p>\u201cEl hambre en el pa\u00eds es un problema a\u00f1ejo que no ha podido ser revertido con programas meramente asistencialistas, por eso en esta ocasi\u00f3n agradecemos la invitaci\u00f3n del gobierno federal y estatal pues este problema merece acciones conjuntas y decididas; tenemos la mejor disposici\u00f3n para devolverle a la sociedad todo el apoyo que nos ha brindado\u201d, mencion\u00f3.<\/p>\n<p>En tanto que Roberto Ram\u00edrez Delgado, presidente de la fundaci\u00f3n ciudadana para el Desarrollo Integral de Michoac\u00e1n (Fucidim), afirm\u00f3 que la Cruzada Nacional contra el Hambre va muy ligada a los objetivos que desde inicio se plante\u00f3 la Fucidim, en el sentido de c\u00f3mo buscar alianzas de los diferentes sectores de la poblaci\u00f3n en torno a buscar un mayor equilibrio en la distribuci\u00f3n de la riqueza en el estado.<\/p>\n<p>Ofreci\u00f3 tambi\u00e9n el apoyo para coadyuvar con las acciones de esta estrategia nacional, que afirm\u00f3, por fortuna cuenta con la participaci\u00f3n de todos los sectores, lo que abona a hacer propuestas entre sociedad y gobierno para conseguir \u00f3ptimos resultados.<\/p>\n","protected":false},"excerpt":{"rendered":"<p>El gobernador Jes\u00fas Reyna Garc\u00eda y el delegado en la entidad de la Secretar\u00eda de Desarrollo Social federal (SEDESOL), V\u00edctor Manuel Silva Tejeda, signaron el acta constitutiva del Consejo Estatal para la Cruzada contra el Hambre en Michoac\u00e1n, integrado por organizaciones de los sectores privado y social, <\/p>\n","protected":false},"author":1,"featured_media":0,"comment_status":"open","ping_status":"open","sticky":false,"template":"","format":"standard","meta":{"footnotes":""},"categories":[3],"tags":[],"class_list":["post-2486","post","type-post","status-publish","format-standard","hentry","category-gobierno-del-estado-de-michoacan"],"_links":{"self":[{"href":"https:\/\/radiowebmx.com\/nota\/wp-json\/wp\/v2\/posts\/2486","targetHints":{"allow":["GET"]}}],"collection":[{"href":"https:\/\/radiowebmx.com\/nota\/wp-json\/wp\/v2\/posts"}],"about":[{"href":"https:\/\/radiowebmx.com\/nota\/wp-json\/wp\/v2\/types\/post"}],"author":[{"embeddable":true,"href":"https:\/\/radiowebmx.com\/nota\/wp-json\/wp\/v2\/users\/1"}],"replies":[{"embeddable":true,"href":"https:\/\/radiowebmx.com\/nota\/wp-json\/wp\/v2\/comments?post=2486"}],"version-history":[{"count":1,"href":"https:\/\/radiowebmx.com\/nota\/wp-json\/wp\/v2\/posts\/2486\/revisions"}],"predecessor-version":[{"id":2487,"href":"https:\/\/radiowebmx.com\/nota\/wp-json\/wp\/v2\/posts\/2486\/revisions\/2487"}],"wp:attachment":[{"href":"https:\/\/radiowebmx.com\/nota\/wp-json\/wp\/v2\/media?parent=2486"}],"wp:term":[{"taxonomy":"category","embeddable":true,"href":"https:\/\/radiowebmx.com\/nota\/wp-json\/wp\/v2\/categories?post=2486"},{"taxonomy":"post_tag","embeddable":true,"href":"https:\/\/radiowebmx.com\/nota\/wp-json\/wp\/v2\/tags?post=2486"}],"curies":[{"name":"wp","href":"https:\/\/api.w.org\/{rel}","templated":true}]}}