{"id":24852,"date":"2016-07-22T12:00:06","date_gmt":"2016-07-22T17:00:06","guid":{"rendered":"https:\/\/radiowebmx.com\/nota\/?p=24852"},"modified":"2016-07-22T12:00:06","modified_gmt":"2016-07-22T17:00:06","slug":"un-total-de-637-personas-participan-en-actividades-de-verano-del-dif-morelia","status":"publish","type":"post","link":"https:\/\/radiowebmx.com\/nota\/un-total-de-637-personas-participan-en-actividades-de-verano-del-dif-morelia\/","title":{"rendered":"Un total de 637 personas participan en actividades de verano del DIF Morelia"},"content":{"rendered":"<p><a href=\"https:\/\/radiowebmx.com\/nota\/wp-content\/uploads\/2016\/07\/db2b5a6c-7670-43fd-b0ed-b921f8f6b689.jpg\"><img loading=\"lazy\" decoding=\"async\" class=\"alignleft size-full wp-image-24853\" src=\"https:\/\/radiowebmx.com\/nota\/wp-content\/uploads\/2016\/07\/db2b5a6c-7670-43fd-b0ed-b921f8f6b689.jpg\" alt=\"db2b5a6c-7670-43fd-b0ed-b921f8f6b689\" width=\"591\" height=\"339\" srcset=\"https:\/\/radiowebmx.com\/nota\/wp-content\/uploads\/2016\/07\/db2b5a6c-7670-43fd-b0ed-b921f8f6b689.jpg 591w, https:\/\/radiowebmx.com\/nota\/wp-content\/uploads\/2016\/07\/db2b5a6c-7670-43fd-b0ed-b921f8f6b689-300x172.jpg 300w, https:\/\/radiowebmx.com\/nota\/wp-content\/uploads\/2016\/07\/db2b5a6c-7670-43fd-b0ed-b921f8f6b689-128x72.jpg 128w\" sizes=\"auto, (max-width: 591px) 100vw, 591px\" \/><\/a>Durante los primeros 15 d\u00edas del verano, el DIF Morelia registr\u00f3 ya a 637 participantes de todas las edades, con y sin discapacidad en los distintos cursos, talleres y actividades que se ofrecen para el periodo vacacional, mismos que contin\u00faan abiertos para quienes a\u00fan deseen integrarse, inform\u00f3 la Encargada de Despacho de la dependencia, Susan Melissa V\u00e1zques P\u00e9rez.<\/p>\n<p>Siguiendo con la instrucci\u00f3n del Presidente Municipal, Alfonso Mart\u00ednez Alc\u00e1zar de brindar espacios de convivencia que permitan la integraci\u00f3n familiar y que adem\u00e1s contribuyan al desarrollo social, el DIF Morelia ofrece actualmente cerca de 20 diferentes actividades de verano en distintos horarios y sedes.<\/p>\n<p>\u201cEn el DIF Morelia cuidamos de que todas las actividades no solo fueran recreativas, sino que tambi\u00e9n sean educativas, ocupacionales e incluso de capacitaci\u00f3n, para quienes pueden aprovechar este periodo vacacional en aprender alg\u00fan oficio que sirva para generar ingresos adicionales\u201d, afirm\u00f3.<\/p>\n<p>En la primera quincena del periodo vacacional, la mayor demanda de servicios se registr\u00f3 por parte la Ludoteca municipal del Bosque Cuauht\u00e9moc, con un total de 300 ni\u00f1os inscritos en el curso de verano matutino y cerca de 20 ni\u00f1os en los talleres vespertinos de Yoga, Tae Kwon Do y de Cuentacuentos que arrancaron este lunes.<\/p>\n<p>Durante esta semana tambi\u00e9n arrancaron los cursos y talleres de verano de los Centros de Capacitaci\u00f3n y Desarrollo (CECADES) de las colonias Ampliaci\u00f3n del Porvenir y Jardines de Guadalupe, mismos que fueron rehabilitados por la actual Administraci\u00f3n tras haber permanecido casi dos a\u00f1os sin uso.<\/p>\n<p>Para el caso de los CECADES, el padr\u00f3n de inscripciones a sus actividades suma ya 250 personas entre ambos centros (195 en Jardines de Guadalupe y 55 en Ampliaci\u00f3n del Porvenir) y a\u00fan hay cupo para atender aproximadamente al mismo n\u00famero de personas m\u00e1s, donde la oferta va desde talleres de cocina, hasta danza \u00e1rabe, belleza y carpinter\u00eda entre otros.<\/p>\n<p>Por otra parte, el Centro de Cultura para la Discapacidad (CCD), tiene inscritas a 72 personas en los talleres de verano de Lengua de Se\u00f1as Mexicana, canto, papel crep\u00e9, origami y pintura que arrancaron sus actividades tambi\u00e9n en esta semana.<\/p>\n<p>En ese tenor y con el prop\u00f3sito de que las actividades tambi\u00e9n fueran incluyentes, tanto la Ludoteca del Bosque Cuauht\u00e9moc, como el CCD ofrecen talleres para ni\u00f1os y j\u00f3venes y durante esta semana se inscribieron un total de 26 personas con distintos tipos de discapacidad en ambas dependencias.<\/p>\n<p>V\u00e1zques P\u00e9rez subray\u00f3 que el DIF Morelia \u00fanicamente est\u00e1 otorgando talleres de verano en estos cuatro centros avalados por el Ayuntamiento capitalino y que la instituci\u00f3n no se hace responsable por ning\u00fan otro curso o capacitaci\u00f3n con cuota de inscripci\u00f3n de particulares u organizaciones que otorguen este tipo de servicios a nombre del DIF municipal.<\/p>\n<p>Para m\u00e1s informaci\u00f3n sobre los cursos y talleres de verano, pueden llamar al DIF Morelia al 1134002; al CCD en el 3340555; a la Direcci\u00f3n de Programas al 3152711 extensi\u00f3n 705; a la Ludoteca en el 3139127 o en la p\u00e1gina web: dif.morelia.gob.mx.<\/p>\n","protected":false},"excerpt":{"rendered":"<p>Durante los primeros 15 d\u00edas del verano, el DIF Morelia registr\u00f3 ya a 637 participantes de todas las edades, con y sin discapacidad en los distintos cursos,<\/p>\n","protected":false},"author":1,"featured_media":24853,"comment_status":"open","ping_status":"open","sticky":false,"template":"","format":"standard","meta":{"footnotes":""},"categories":[14,9],"tags":[],"class_list":["post-24852","post","type-post","status-publish","format-standard","has-post-thumbnail","hentry","category-destacadas","category-morelia"],"_links":{"self":[{"href":"https:\/\/radiowebmx.com\/nota\/wp-json\/wp\/v2\/posts\/24852","targetHints":{"allow":["GET"]}}],"collection":[{"href":"https:\/\/radiowebmx.com\/nota\/wp-json\/wp\/v2\/posts"}],"about":[{"href":"https:\/\/radiowebmx.com\/nota\/wp-json\/wp\/v2\/types\/post"}],"author":[{"embeddable":true,"href":"https:\/\/radiowebmx.com\/nota\/wp-json\/wp\/v2\/users\/1"}],"replies":[{"embeddable":true,"href":"https:\/\/radiowebmx.com\/nota\/wp-json\/wp\/v2\/comments?post=24852"}],"version-history":[{"count":1,"href":"https:\/\/radiowebmx.com\/nota\/wp-json\/wp\/v2\/posts\/24852\/revisions"}],"predecessor-version":[{"id":24854,"href":"https:\/\/radiowebmx.com\/nota\/wp-json\/wp\/v2\/posts\/24852\/revisions\/24854"}],"wp:featuredmedia":[{"embeddable":true,"href":"https:\/\/radiowebmx.com\/nota\/wp-json\/wp\/v2\/media\/24853"}],"wp:attachment":[{"href":"https:\/\/radiowebmx.com\/nota\/wp-json\/wp\/v2\/media?parent=24852"}],"wp:term":[{"taxonomy":"category","embeddable":true,"href":"https:\/\/radiowebmx.com\/nota\/wp-json\/wp\/v2\/categories?post=24852"},{"taxonomy":"post_tag","embeddable":true,"href":"https:\/\/radiowebmx.com\/nota\/wp-json\/wp\/v2\/tags?post=24852"}],"curies":[{"name":"wp","href":"https:\/\/api.w.org\/{rel}","templated":true}]}}