{"id":24849,"date":"2016-07-22T11:58:09","date_gmt":"2016-07-22T16:58:09","guid":{"rendered":"https:\/\/radiowebmx.com\/nota\/?p=24849"},"modified":"2016-07-22T11:58:09","modified_gmt":"2016-07-22T16:58:09","slug":"anuncia-gobernador-programa-integral-de-promocion-turistica-para-janitzio","status":"publish","type":"post","link":"https:\/\/radiowebmx.com\/nota\/anuncia-gobernador-programa-integral-de-promocion-turistica-para-janitzio\/","title":{"rendered":"Anuncia Gobernador Programa Integral de Promoci\u00f3n Tur\u00edstica para Janitzio"},"content":{"rendered":"<p><a href=\"https:\/\/radiowebmx.com\/nota\/wp-content\/uploads\/2016\/07\/fb4688c6-6dc1-4ac9-b285-2d1137032761.jpg\"><img loading=\"lazy\" decoding=\"async\" class=\"alignleft size-full wp-image-24850\" src=\"https:\/\/radiowebmx.com\/nota\/wp-content\/uploads\/2016\/07\/fb4688c6-6dc1-4ac9-b285-2d1137032761.jpg\" alt=\"fb4688c6-6dc1-4ac9-b285-2d1137032761\" width=\"591\" height=\"242\" srcset=\"https:\/\/radiowebmx.com\/nota\/wp-content\/uploads\/2016\/07\/fb4688c6-6dc1-4ac9-b285-2d1137032761.jpg 591w, https:\/\/radiowebmx.com\/nota\/wp-content\/uploads\/2016\/07\/fb4688c6-6dc1-4ac9-b285-2d1137032761-300x123.jpg 300w\" sizes=\"auto, (max-width: 591px) 100vw, 591px\" \/><\/a>El Gobernador del Estado, Silvano Aureoles Conejo, anunci\u00f3 que Janitzio contar\u00e1 con un Programa Integral de Promoci\u00f3n Tur\u00edstica,\u00a0al inaugurar la primera etapa del Centro Ecotur\u00edstico Tirolesa Isla Tecuena-Janitzio y obras de electrificaci\u00f3n, adem\u00e1s de entregar certificados de proyectos productivos y culturales, con una inversi\u00f3n total de 13 millones 850 mil pesos.<\/p>\n<p>&nbsp;<\/p>\n<p>Acompa\u00f1ado de la directora general de la Comisi\u00f3n Nacional para el Desarrollo de los Pueblos Ind\u00edgenas\u00a0(CDI), Nuvia Mayorga Delgado, el mandatario entreg\u00f3 los apoyos en beneficio de las y los habitantes de estas localidades, y reconoci\u00f3 el respaldo de la Federaci\u00f3n a Michoac\u00e1n al destacar que derivado de las gestiones realizadas, la entidad no sufri\u00f3 recortes presupuestales para obra social destinada a las comunidades ind\u00edgenas.<\/p>\n<p>&nbsp;<\/p>\n<p>Tras inaugurar la primera etapa de la tirolesa, considerada una de las m\u00e1s grandes de Am\u00e9rica Latina, Aureoles Conejo destac\u00f3 el potencial que tiene Janitzio, por lo que afirm\u00f3 que se implementar\u00e1n una serie de acciones para impulsar su vocaci\u00f3n tur\u00edstica, entre ellas un programa de modernizaci\u00f3n de lanchas, espacios gastron\u00f3micos, campa\u00f1a de limpieza y de embellecimiento de la imagen urbana.<\/p>\n<p>&nbsp;<\/p>\n<p>Con ello, la Isla tendr\u00e1 una mayor afluencia de visitantes y las y los artesanos podr\u00e1n vender mejor sus productos. Ante la petici\u00f3n del presidente de Bienes Comunales de Janitzio, Donato Campos Campos, el Gobernador se comprometi\u00f3 a la modernizaci\u00f3n y la construcci\u00f3n de la techumbre del Teatro del Pueblo, para que este espacio se pueda utilizar para realizar presentaciones de diversas expresiones art\u00edsticas y con ello tambi\u00e9n atraer al turismo.<\/p>\n<p>&nbsp;<\/p>\n<p>Otro de los temas en los que puso especial \u00e9nfasis, fue el rescate y saneamiento del Lago de P\u00e1tzcuaro, por lo que asegur\u00f3 que se buscar\u00e1n las alianzas necesarias para este fin, pues es un lugar que identifica a las y los michoacanos, \u201cy es que necesario cuidarlo\u201d.<\/p>\n<p>&nbsp;<\/p>\n<p>En ese sentido, Aureoles Conejo solicit\u00f3 el apoyo de los diputados y las diputadas para que se etiquete recurso en dicho rengl\u00f3n en el 2017, ya que por lo menos se requieren de 3 mil millones de pesos por las obras de gran calado que necesita.<\/p>\n<p>&nbsp;<\/p>\n<p>El mandatario agradeci\u00f3 el apoyo del Gobierno de la Rep\u00fablica y de la CDI,\u00a0al tiempo que refrend\u00f3 su decisi\u00f3n de seguir trabajando de manera cercana con las delegaciones Federales y con los municipios, pues s\u00f3lo de esa forma se pueden atender las demandas de la gente y dar resultados.<\/p>\n<p>&nbsp;<\/p>\n<p>En su turno, la directora general de la CDI, Nuvia Mayorga Delgado, se\u00f1al\u00f3 que con acciones como las que hoy se efectuaron, se da cumplimiento al compromiso del Presidente de M\u00e9xico, Enrique Pe\u00f1a Nieto, de implementar obras y beneficios para el pueblo pur\u00e9pecha.<\/p>\n<p>&nbsp;<\/p>\n<p>Reconoci\u00f3 la disposici\u00f3n del Gobernador Aureoles Conejo de trabajar por las comunidades ind\u00edgenas y destac\u00f3 que en coordinaci\u00f3n con el Gobierno del Estado, la CDI invertir\u00e1 recurso para el programa de modernizaci\u00f3n de lanchas y con ello generar un mayor n\u00famero de visitantes y derrama econ\u00f3mica para la Isla.<\/p>\n<p>&nbsp;<\/p>\n<p>La funcionaria resalt\u00f3 que derivado de las gestiones realizadas por el Gobernador, Michoac\u00e1n logr\u00f3 conservar los 128 millones de pesos previstos por la CDI para el presente a\u00f1o en obras y acciones destinadas a las comunidades ind\u00edgenas. Agreg\u00f3 que en el 2012 la CDI contaba con un presupuesto de 20 millones de pesos para la entidad, y en el presente a\u00f1o el monto es cercano a los 300 millones de pesos, lo que refleja el compromiso de la Federaci\u00f3n con el estado. \u201cVamos a seguir trabajando fuertemente para la poblaci\u00f3n de Michoac\u00e1n\u201d.<\/p>\n<p>&nbsp;<\/p>\n<p>Tanto el alcalde de P\u00e1tzcuaro, V\u00edctor B\u00e1ez Ceja, como el presidente de Bienes Comunales de Janitzio, Donato Campos, reconocieron los apoyos, al igual que Silvia Bartolo, quien a nombre de un grupo de 60 mujeres beneficiadas con los proyectos productivos de CDI, agradeci\u00f3 al Gobernador y a la Federaci\u00f3n por su respaldo, al tiempo que manifest\u00f3 que est\u00e1n dispuestas a seguir trabajado de manera organizada para sacar adelante a sus familias.<\/p>\n<p>&nbsp;<\/p>\n<p>El Gobernador y la titular de la CDI, tambi\u00e9n reconocieron a la Comisi\u00f3n Federal de Electricidad (CFE), y al gerente regional de la instancia federal,\u00a0Gustavo Garc\u00eda\u00a0Huirache, porque se pudieron concretar m\u00e1s de 65 obras de electrificaci\u00f3n sin costo para las y los beneficiarios.<br \/>\nDurante su visita a Janitzio, el mandatario tambi\u00e9n inaugur\u00f3 la electrificaci\u00f3n subterr\u00e1nea del alumbrado p\u00fablico de la Isla, que tuvo una inversi\u00f3n de seis millones 500 mil pesos. Entreg\u00f3 adem\u00e1s sillas de ruedas, despensas y cunas del programa Un Comienzo DIFerente.<\/p>\n","protected":false},"excerpt":{"rendered":"<p>El Gobernador del Estado, Silvano Aureoles Conejo, anunci\u00f3 que Janitzio contar\u00e1 con un Programa Integral de Promoci\u00f3n Tur\u00edstica,<\/p>\n","protected":false},"author":1,"featured_media":24850,"comment_status":"open","ping_status":"open","sticky":false,"template":"","format":"standard","meta":{"footnotes":""},"categories":[14,3],"tags":[],"class_list":["post-24849","post","type-post","status-publish","format-standard","has-post-thumbnail","hentry","category-destacadas","category-gobierno-del-estado-de-michoacan"],"_links":{"self":[{"href":"https:\/\/radiowebmx.com\/nota\/wp-json\/wp\/v2\/posts\/24849","targetHints":{"allow":["GET"]}}],"collection":[{"href":"https:\/\/radiowebmx.com\/nota\/wp-json\/wp\/v2\/posts"}],"about":[{"href":"https:\/\/radiowebmx.com\/nota\/wp-json\/wp\/v2\/types\/post"}],"author":[{"embeddable":true,"href":"https:\/\/radiowebmx.com\/nota\/wp-json\/wp\/v2\/users\/1"}],"replies":[{"embeddable":true,"href":"https:\/\/radiowebmx.com\/nota\/wp-json\/wp\/v2\/comments?post=24849"}],"version-history":[{"count":1,"href":"https:\/\/radiowebmx.com\/nota\/wp-json\/wp\/v2\/posts\/24849\/revisions"}],"predecessor-version":[{"id":24851,"href":"https:\/\/radiowebmx.com\/nota\/wp-json\/wp\/v2\/posts\/24849\/revisions\/24851"}],"wp:featuredmedia":[{"embeddable":true,"href":"https:\/\/radiowebmx.com\/nota\/wp-json\/wp\/v2\/media\/24850"}],"wp:attachment":[{"href":"https:\/\/radiowebmx.com\/nota\/wp-json\/wp\/v2\/media?parent=24849"}],"wp:term":[{"taxonomy":"category","embeddable":true,"href":"https:\/\/radiowebmx.com\/nota\/wp-json\/wp\/v2\/categories?post=24849"},{"taxonomy":"post_tag","embeddable":true,"href":"https:\/\/radiowebmx.com\/nota\/wp-json\/wp\/v2\/tags?post=24849"}],"curies":[{"name":"wp","href":"https:\/\/api.w.org\/{rel}","templated":true}]}}