{"id":24846,"date":"2016-07-22T11:54:25","date_gmt":"2016-07-22T16:54:25","guid":{"rendered":"https:\/\/radiowebmx.com\/nota\/?p=24846"},"modified":"2016-07-22T11:54:25","modified_gmt":"2016-07-22T16:54:25","slug":"supervisa-iifeem-construccion-y-rehabilitacion-de-escuelas","status":"publish","type":"post","link":"https:\/\/radiowebmx.com\/nota\/supervisa-iifeem-construccion-y-rehabilitacion-de-escuelas\/","title":{"rendered":"Supervisa IIFEEM construcci\u00f3n y rehabilitaci\u00f3n de escuelas"},"content":{"rendered":"<p><a href=\"https:\/\/radiowebmx.com\/nota\/wp-content\/uploads\/2016\/07\/de1b241a-7667-4461-8649-ed3731d51df9.jpg\"><img loading=\"lazy\" decoding=\"async\" class=\"alignleft size-full wp-image-24847\" src=\"https:\/\/radiowebmx.com\/nota\/wp-content\/uploads\/2016\/07\/de1b241a-7667-4461-8649-ed3731d51df9.jpg\" alt=\"de1b241a-7667-4461-8649-ed3731d51df9\" width=\"591\" height=\"260\" srcset=\"https:\/\/radiowebmx.com\/nota\/wp-content\/uploads\/2016\/07\/de1b241a-7667-4461-8649-ed3731d51df9.jpg 591w, https:\/\/radiowebmx.com\/nota\/wp-content\/uploads\/2016\/07\/de1b241a-7667-4461-8649-ed3731d51df9-300x132.jpg 300w\" sizes=\"auto, (max-width: 591px) 100vw, 591px\" \/><\/a>A fin de supervisar los trabajos en materia de infraestructura educativa que se llevan a cabo en la entidad, la directora general del Instituto de la Infraestructura F\u00edsica Educativa del Estado de Michoac\u00e1n (IIFEEM), Mar\u00eda Guadalupe D\u00edaz Chagolla, visit\u00f3 algunos planteles educativos para constatar las acciones de rehabilitaci\u00f3n y construcci\u00f3n.<\/p>\n<p>En la localidad de T\u00e9jaro, municipio de Tar\u00edmbaro, D\u00edaz Chagolla visit\u00f3 la Secundaria T\u00e9cnica 147, donde con una inversi\u00f3n de un mill\u00f3n 500 mil pesos se construye la plaza c\u00edvica y cancha de usos m\u00faltiples.<\/p>\n<p>En este marco, la titular del IIFEEM destac\u00f3 que es de suma importancia llevar a cabo este tipo de obras, puesto que con ellas se contribuye a la reconstrucci\u00f3n del tejido social de las comunidades, fortaleciendo el inter\u00e9s de los j\u00f3venes por las actividades deportivas.<\/p>\n<p>Posteriormente, D\u00edaz Chagolla se traslad\u00f3 al Jard\u00edn de Ni\u00f1os Ramiro Zendejas, ubicado en la capital michoacana, donde se realizaron trabajos de rehabilitaci\u00f3n general, la terminaci\u00f3n de los servicios sanitarios y la construcci\u00f3n de un aula cocina con una inversi\u00f3n de m\u00e1s de un mill\u00f3n de pesos.<\/p>\n<p>Ah\u00ed, la funcionaria estatal recalc\u00f3 que este Jard\u00edn de Ni\u00f1os es uno m\u00e1s de los planteles atendidos por medio del programa convenido con la federaci\u00f3n Escuelas al CIEN.<\/p>\n<p>Por su parte, la maestra Blanca Naranjo Gonz\u00e1lez expres\u00f3 su agradecimiento al Gobernador del Estado, Silvano Aureoles Conejo, por los trabajos efectuados en beneficio de 140 ni\u00f1os y ni\u00f1as que asisten a esta escuela, puesto que la infraestructura f\u00edsica educativa de este Jard\u00edn no hab\u00eda sido atendida desde 1985.<\/p>\n","protected":false},"excerpt":{"rendered":"<p>A fin de supervisar los trabajos en materia de infraestructura educativa que se llevan a cabo en la entidad, la directora general del IIFEEM,<\/p>\n","protected":false},"author":1,"featured_media":24847,"comment_status":"open","ping_status":"open","sticky":false,"template":"","format":"standard","meta":{"footnotes":""},"categories":[14,3],"tags":[],"class_list":["post-24846","post","type-post","status-publish","format-standard","has-post-thumbnail","hentry","category-destacadas","category-gobierno-del-estado-de-michoacan"],"_links":{"self":[{"href":"https:\/\/radiowebmx.com\/nota\/wp-json\/wp\/v2\/posts\/24846","targetHints":{"allow":["GET"]}}],"collection":[{"href":"https:\/\/radiowebmx.com\/nota\/wp-json\/wp\/v2\/posts"}],"about":[{"href":"https:\/\/radiowebmx.com\/nota\/wp-json\/wp\/v2\/types\/post"}],"author":[{"embeddable":true,"href":"https:\/\/radiowebmx.com\/nota\/wp-json\/wp\/v2\/users\/1"}],"replies":[{"embeddable":true,"href":"https:\/\/radiowebmx.com\/nota\/wp-json\/wp\/v2\/comments?post=24846"}],"version-history":[{"count":1,"href":"https:\/\/radiowebmx.com\/nota\/wp-json\/wp\/v2\/posts\/24846\/revisions"}],"predecessor-version":[{"id":24848,"href":"https:\/\/radiowebmx.com\/nota\/wp-json\/wp\/v2\/posts\/24846\/revisions\/24848"}],"wp:featuredmedia":[{"embeddable":true,"href":"https:\/\/radiowebmx.com\/nota\/wp-json\/wp\/v2\/media\/24847"}],"wp:attachment":[{"href":"https:\/\/radiowebmx.com\/nota\/wp-json\/wp\/v2\/media?parent=24846"}],"wp:term":[{"taxonomy":"category","embeddable":true,"href":"https:\/\/radiowebmx.com\/nota\/wp-json\/wp\/v2\/categories?post=24846"},{"taxonomy":"post_tag","embeddable":true,"href":"https:\/\/radiowebmx.com\/nota\/wp-json\/wp\/v2\/tags?post=24846"}],"curies":[{"name":"wp","href":"https:\/\/api.w.org\/{rel}","templated":true}]}}