{"id":24843,"date":"2016-07-22T11:52:42","date_gmt":"2016-07-22T16:52:42","guid":{"rendered":"https:\/\/radiowebmx.com\/nota\/?p=24843"},"modified":"2016-07-22T11:52:42","modified_gmt":"2016-07-22T16:52:42","slug":"el-gobernador-escucha-demandas-de-docentes-en-janitzio","status":"publish","type":"post","link":"https:\/\/radiowebmx.com\/nota\/el-gobernador-escucha-demandas-de-docentes-en-janitzio\/","title":{"rendered":"El Gobernador escucha demandas de docentes en Janitzio"},"content":{"rendered":"<p><a href=\"https:\/\/radiowebmx.com\/nota\/wp-content\/uploads\/2016\/07\/666e90c9-5d3c-483c-93f3-35ae3d1b6728.jpg\"><img loading=\"lazy\" decoding=\"async\" class=\"alignleft size-full wp-image-24844\" src=\"https:\/\/radiowebmx.com\/nota\/wp-content\/uploads\/2016\/07\/666e90c9-5d3c-483c-93f3-35ae3d1b6728.jpg\" alt=\"666e90c9-5d3c-483c-93f3-35ae3d1b6728\" width=\"591\" height=\"324\" srcset=\"https:\/\/radiowebmx.com\/nota\/wp-content\/uploads\/2016\/07\/666e90c9-5d3c-483c-93f3-35ae3d1b6728.jpg 591w, https:\/\/radiowebmx.com\/nota\/wp-content\/uploads\/2016\/07\/666e90c9-5d3c-483c-93f3-35ae3d1b6728-300x164.jpg 300w\" sizes=\"auto, (max-width: 591px) 100vw, 591px\" \/><\/a>Esta tarde, el Gobernador del Estado, Silvano Aureoles Conejo, demostr\u00f3 de nueva cuenta su disposici\u00f3n al di\u00e1logo con el magisterio al atender a un grupo de profesoras y profesores en la comunidad de Janitzio, municipio de P\u00e1tzcuaro, de quienes escuch\u00f3 sus principales demandas, en espec\u00edfico lo relativo al pago de las quincenas que no han cobrado.<\/p>\n<p>&nbsp;<\/p>\n<p>En este contexto, el mandatario les coment\u00f3 que se acord\u00f3 suspender el pago bancarizado, y que las y los profesores que deseen cobrar a trav\u00e9s de cheques, lo podr\u00e1n hacer.<\/p>\n<p>&nbsp;<\/p>\n<p>De igual forma, se\u00f1al\u00f3 que gestion\u00f3 que de inmediato se libere la quincena n\u00famero 12, coment\u00f3 que el pr\u00f3ximo martes se pagar\u00e1 la onceava quincena, y se iniciar\u00e1 el procedimiento para pagar de la treceava en adelante.<\/p>\n<p>&nbsp;<\/p>\n<p>El Gobernador puntualiz\u00f3 que a quien compruebe que no falt\u00f3 a clases no se les realizar\u00e1 ning\u00fan descuento.<\/p>\n<p>&nbsp;<\/p>\n<p>Asimismo, reiter\u00f3 que el di\u00e1logo es la v\u00eda para la soluci\u00f3n de los problemas y subray\u00f3 que el Gobierno del Estado ha actuado con apertura y sensibilidad ante la inconformidad que un sector del magisterio ha mostrado ante la Reforma Educativa.<\/p>\n<p>&nbsp;<\/p>\n<p>En este tenor, hizo un llamado a reencauzar el derecho de manifestaci\u00f3n considerando que el ejercicio de las libertades debe siempre respetar el derecho de terceros.<\/p>\n","protected":false},"excerpt":{"rendered":"<p>Esta tarde, el Gobernador del Estado, Silvano Aureoles Conejo, demostr\u00f3 de nueva cuenta su disposici\u00f3n al di\u00e1logo con el magisterio al atender a un grupo de profesoras y profesores en la comunidad de Janitzio,<\/p>\n","protected":false},"author":1,"featured_media":24844,"comment_status":"open","ping_status":"open","sticky":false,"template":"","format":"standard","meta":{"footnotes":""},"categories":[14,3],"tags":[],"class_list":["post-24843","post","type-post","status-publish","format-standard","has-post-thumbnail","hentry","category-destacadas","category-gobierno-del-estado-de-michoacan"],"_links":{"self":[{"href":"https:\/\/radiowebmx.com\/nota\/wp-json\/wp\/v2\/posts\/24843","targetHints":{"allow":["GET"]}}],"collection":[{"href":"https:\/\/radiowebmx.com\/nota\/wp-json\/wp\/v2\/posts"}],"about":[{"href":"https:\/\/radiowebmx.com\/nota\/wp-json\/wp\/v2\/types\/post"}],"author":[{"embeddable":true,"href":"https:\/\/radiowebmx.com\/nota\/wp-json\/wp\/v2\/users\/1"}],"replies":[{"embeddable":true,"href":"https:\/\/radiowebmx.com\/nota\/wp-json\/wp\/v2\/comments?post=24843"}],"version-history":[{"count":1,"href":"https:\/\/radiowebmx.com\/nota\/wp-json\/wp\/v2\/posts\/24843\/revisions"}],"predecessor-version":[{"id":24845,"href":"https:\/\/radiowebmx.com\/nota\/wp-json\/wp\/v2\/posts\/24843\/revisions\/24845"}],"wp:featuredmedia":[{"embeddable":true,"href":"https:\/\/radiowebmx.com\/nota\/wp-json\/wp\/v2\/media\/24844"}],"wp:attachment":[{"href":"https:\/\/radiowebmx.com\/nota\/wp-json\/wp\/v2\/media?parent=24843"}],"wp:term":[{"taxonomy":"category","embeddable":true,"href":"https:\/\/radiowebmx.com\/nota\/wp-json\/wp\/v2\/categories?post=24843"},{"taxonomy":"post_tag","embeddable":true,"href":"https:\/\/radiowebmx.com\/nota\/wp-json\/wp\/v2\/tags?post=24843"}],"curies":[{"name":"wp","href":"https:\/\/api.w.org\/{rel}","templated":true}]}}