{"id":24807,"date":"2016-07-21T13:45:37","date_gmt":"2016-07-21T18:45:37","guid":{"rendered":"https:\/\/radiowebmx.com\/nota\/?p=24807"},"modified":"2016-07-21T13:46:01","modified_gmt":"2016-07-21T18:46:01","slug":"cursos-de-ayuntamiento-de-morelia-y-canaco-brindan-resultados-exitosos","status":"publish","type":"post","link":"https:\/\/radiowebmx.com\/nota\/cursos-de-ayuntamiento-de-morelia-y-canaco-brindan-resultados-exitosos\/","title":{"rendered":"Cursos de Ayuntamiento de Morelia y Canaco, brindan resultados exitosos"},"content":{"rendered":"<p><a href=\"https:\/\/radiowebmx.com\/nota\/wp-content\/uploads\/2016\/07\/4a3cc078-cec5-4197-a54d-cb632333b787.jpg\"><img loading=\"lazy\" decoding=\"async\" class=\"alignleft size-full wp-image-24808\" src=\"https:\/\/radiowebmx.com\/nota\/wp-content\/uploads\/2016\/07\/4a3cc078-cec5-4197-a54d-cb632333b787.jpg\" alt=\"4a3cc078-cec5-4197-a54d-cb632333b787\" width=\"591\" height=\"293\" srcset=\"https:\/\/radiowebmx.com\/nota\/wp-content\/uploads\/2016\/07\/4a3cc078-cec5-4197-a54d-cb632333b787.jpg 591w, https:\/\/radiowebmx.com\/nota\/wp-content\/uploads\/2016\/07\/4a3cc078-cec5-4197-a54d-cb632333b787-300x149.jpg 300w\" sizes=\"auto, (max-width: 591px) 100vw, 591px\" \/><\/a>Con la atenci\u00f3n a cerca de 800 empresarios, directores y todo aquel profesionista involucrado directamente en la toma de decisiones de una empresa o negocio, del periodo de enero a julio, el Gobierno Municipal calific\u00f3 de exitoso el trabajo conjunto que lleva a cabo la Secretar\u00eda de Desarrollo Econ\u00f3mico y Emprendedor y la C\u00e1mara Nacional de Comercio, Servicios y Turismo de Morelia (CANACO) mediante el convenio de colaboraci\u00f3n para la operaci\u00f3n del \u201cPrograma de Capacitaci\u00f3n 2016\u201d, dentro del cual a la fecha se han desarrollarlo 26 cursos.<\/p>\n<p>La titular de dicha municipal, Ireri Rivera Garc\u00eda, indic\u00f3 que en atenci\u00f3n a las instrucciones del Alcalde, Alfonso Mart\u00ednez Alc\u00e1zar, desde el inicio de la actual Administraci\u00f3n se concretaron las relaciones de trabajo entre este nuevo Gobierno con los l\u00edderes empresariales, uno de ellos, la C\u00e1mara de Comercio, con quien se ha tenido un acercamiento efectivo en pro del desarrollo administrativo de los negocios locales y de quienes atienden a los clientes.<\/p>\n<p>Mediante un convenio de colaboraci\u00f3n, ambas instituciones sumaron esfuerzos y recursos econ\u00f3micos para ofrecer capacitaci\u00f3n con temas relevantes para la mejora administrativa, de atenci\u00f3n a clientes, competitividad e incluso motivaci\u00f3n a los trabajadores.<\/p>\n<p>Rivera Garc\u00eda, se\u00f1al\u00f3 que se trabaj\u00f3 detalladamente en los temas que se desarrollar\u00edan en los 48 cursos programados en este a\u00f1o, cuyo prop\u00f3sito es dise\u00f1ar \u201ctrajes a la medida\u201d en base a las preocupaciones y necesidades de los comerciantes y empresarios.<\/p>\n<p>Por ello, dentro de los talleres se atienden asuntos como: Cambios Fiscales y Estrategia Fiscal 2016, Declaraciones Anuales 2015, para personas morales y f\u00edsicas, Contabilidad Electr\u00f3nica, Expectativas fiscales 2017, Finanzas personales y Tratamiento de la Ley Federal para la Prevenci\u00f3n e Identificaci\u00f3n de Operaciones con recursos de procedencia il\u00edcita.<\/p>\n<p>La titular de la pol\u00edtica econ\u00f3mica, anuncio que para el pr\u00f3ximo curso que est\u00e1 programado el 27 de julio, se abordar\u00e1 el tema \u201cImpacto de las Inteligencias M\u00faltiples en la Vida Empresarial\u201d,\u00a0 para lo cual se cuenta con 60 espacios disponibles para quienes quieran asistir.<\/p>\n<p>Rivera Garc\u00eda, record\u00f3 que dentro del acuerdo de colaboraci\u00f3n entre la CANACO y el Ayuntamiento, se fortaleci\u00f3 el apoyo para que los interesados puedan acudir a los cursos de capacitaci\u00f3n. Actualmente sigue vigente un bono de cortes\u00eda que ofrece la condonaci\u00f3n total del costo de cada curso.<\/p>\n<p>Para recibir el apoyo, los comerciantes y empresarios deber\u00e1n acudir a las oficinas de la Secretar\u00eda de Desarrollo Econ\u00f3mico y Emprendedor para registrarse y recibir el mencionado bono, ubicadas en el Boulevard Garc\u00eda de Le\u00f3n, n\u00famero 753, colonia Chapultepec Sur.<\/p>\n","protected":false},"excerpt":{"rendered":"<p>Con la atenci\u00f3n a cerca de 800 empresarios, directores y todo aquel profesionista involucrado directamente en la toma de decisiones de una empresa o negocio, del periodo de enero a julio, <\/p>\n","protected":false},"author":1,"featured_media":24808,"comment_status":"open","ping_status":"open","sticky":false,"template":"","format":"standard","meta":{"footnotes":""},"categories":[14,9],"tags":[],"class_list":["post-24807","post","type-post","status-publish","format-standard","has-post-thumbnail","hentry","category-destacadas","category-morelia"],"_links":{"self":[{"href":"https:\/\/radiowebmx.com\/nota\/wp-json\/wp\/v2\/posts\/24807","targetHints":{"allow":["GET"]}}],"collection":[{"href":"https:\/\/radiowebmx.com\/nota\/wp-json\/wp\/v2\/posts"}],"about":[{"href":"https:\/\/radiowebmx.com\/nota\/wp-json\/wp\/v2\/types\/post"}],"author":[{"embeddable":true,"href":"https:\/\/radiowebmx.com\/nota\/wp-json\/wp\/v2\/users\/1"}],"replies":[{"embeddable":true,"href":"https:\/\/radiowebmx.com\/nota\/wp-json\/wp\/v2\/comments?post=24807"}],"version-history":[{"count":1,"href":"https:\/\/radiowebmx.com\/nota\/wp-json\/wp\/v2\/posts\/24807\/revisions"}],"predecessor-version":[{"id":24809,"href":"https:\/\/radiowebmx.com\/nota\/wp-json\/wp\/v2\/posts\/24807\/revisions\/24809"}],"wp:featuredmedia":[{"embeddable":true,"href":"https:\/\/radiowebmx.com\/nota\/wp-json\/wp\/v2\/media\/24808"}],"wp:attachment":[{"href":"https:\/\/radiowebmx.com\/nota\/wp-json\/wp\/v2\/media?parent=24807"}],"wp:term":[{"taxonomy":"category","embeddable":true,"href":"https:\/\/radiowebmx.com\/nota\/wp-json\/wp\/v2\/categories?post=24807"},{"taxonomy":"post_tag","embeddable":true,"href":"https:\/\/radiowebmx.com\/nota\/wp-json\/wp\/v2\/tags?post=24807"}],"curies":[{"name":"wp","href":"https:\/\/api.w.org\/{rel}","templated":true}]}}