{"id":24769,"date":"2016-07-19T12:35:51","date_gmt":"2016-07-19T17:35:51","guid":{"rendered":"https:\/\/radiowebmx.com\/nota\/?p=24769"},"modified":"2016-07-19T12:35:51","modified_gmt":"2016-07-19T17:35:51","slug":"impulsa-sectur-estatal-inclusion-de-personas-con-discapacidad","status":"publish","type":"post","link":"https:\/\/radiowebmx.com\/nota\/impulsa-sectur-estatal-inclusion-de-personas-con-discapacidad\/","title":{"rendered":"Impulsa Sectur estatal inclusi\u00f3n de personas con discapacidad"},"content":{"rendered":"<p><a href=\"https:\/\/radiowebmx.com\/nota\/wp-content\/uploads\/2016\/07\/b043a6bd-966b-48c1-a07c-c66a49d97e24.jpg\"><img loading=\"lazy\" decoding=\"async\" class=\"alignleft size-full wp-image-24770\" src=\"https:\/\/radiowebmx.com\/nota\/wp-content\/uploads\/2016\/07\/b043a6bd-966b-48c1-a07c-c66a49d97e24.jpg\" alt=\"b043a6bd-966b-48c1-a07c-c66a49d97e24\" width=\"591\" height=\"321\" srcset=\"https:\/\/radiowebmx.com\/nota\/wp-content\/uploads\/2016\/07\/b043a6bd-966b-48c1-a07c-c66a49d97e24.jpg 591w, https:\/\/radiowebmx.com\/nota\/wp-content\/uploads\/2016\/07\/b043a6bd-966b-48c1-a07c-c66a49d97e24-300x163.jpg 300w\" sizes=\"auto, (max-width: 591px) 100vw, 591px\" \/><\/a>Para dar cumplimiento a la instrucci\u00f3n del Gobernador Silvano Aureoles Conejo de fomentar la inclusi\u00f3n, este lunes la Secretar\u00eda de Turismo estatal (Sectur) llev\u00f3 a cabo el taller \u201cCultura para la Discapacidad\u201d, dirigido a prestadores de servicios y gu\u00edas de turistas.<\/p>\n<p>El taller fue impartido por Roc\u00edo Negrete Garc\u00eda, quien reconoci\u00f3 el inter\u00e9s de la titular de la Sectur estatal, Liliana L\u00f3pez Buenrostro, por ofrecer este tipo de capacitaciones a los prestadores de servicios y gu\u00edas tur\u00edsticos, quienes de esta manera podr\u00e1n ofrecer un mejor servicio a las personas con discapacidad.<\/p>\n<p>Al curso asistieron 31 gu\u00edas tur\u00edsticos, quienes tuvieron la oportunidad de obtener los conocimientos b\u00e1sicos para la atenci\u00f3n a grupos de personas con discapacidad visual.<\/p>\n<p>El curso fue impartido tanto a los gu\u00edas de turistas de la Asociaci\u00f3n de Gu\u00edas de Turistas del Estado, como de la Asociaci\u00f3n Nacional de Gu\u00edas Certificados de M\u00e9xico, as\u00ed como a gu\u00edas independientes.<\/p>\n","protected":false},"excerpt":{"rendered":"<p>Para dar cumplimiento a la instrucci\u00f3n del Gobernador Silvano Aureoles Conejo de fomentar la inclusi\u00f3n, este lunes la Sectur llev\u00f3 a cabo el taller \u201cCultura para la Discapacidad\u201d, dirigido a prestadores de servicios y gu\u00edas de turistas.<\/p>\n","protected":false},"author":1,"featured_media":24770,"comment_status":"open","ping_status":"open","sticky":false,"template":"","format":"standard","meta":{"footnotes":""},"categories":[14,3],"tags":[],"class_list":["post-24769","post","type-post","status-publish","format-standard","has-post-thumbnail","hentry","category-destacadas","category-gobierno-del-estado-de-michoacan"],"_links":{"self":[{"href":"https:\/\/radiowebmx.com\/nota\/wp-json\/wp\/v2\/posts\/24769","targetHints":{"allow":["GET"]}}],"collection":[{"href":"https:\/\/radiowebmx.com\/nota\/wp-json\/wp\/v2\/posts"}],"about":[{"href":"https:\/\/radiowebmx.com\/nota\/wp-json\/wp\/v2\/types\/post"}],"author":[{"embeddable":true,"href":"https:\/\/radiowebmx.com\/nota\/wp-json\/wp\/v2\/users\/1"}],"replies":[{"embeddable":true,"href":"https:\/\/radiowebmx.com\/nota\/wp-json\/wp\/v2\/comments?post=24769"}],"version-history":[{"count":1,"href":"https:\/\/radiowebmx.com\/nota\/wp-json\/wp\/v2\/posts\/24769\/revisions"}],"predecessor-version":[{"id":24771,"href":"https:\/\/radiowebmx.com\/nota\/wp-json\/wp\/v2\/posts\/24769\/revisions\/24771"}],"wp:featuredmedia":[{"embeddable":true,"href":"https:\/\/radiowebmx.com\/nota\/wp-json\/wp\/v2\/media\/24770"}],"wp:attachment":[{"href":"https:\/\/radiowebmx.com\/nota\/wp-json\/wp\/v2\/media?parent=24769"}],"wp:term":[{"taxonomy":"category","embeddable":true,"href":"https:\/\/radiowebmx.com\/nota\/wp-json\/wp\/v2\/categories?post=24769"},{"taxonomy":"post_tag","embeddable":true,"href":"https:\/\/radiowebmx.com\/nota\/wp-json\/wp\/v2\/tags?post=24769"}],"curies":[{"name":"wp","href":"https:\/\/api.w.org\/{rel}","templated":true}]}}