{"id":24762,"date":"2016-07-19T12:21:15","date_gmt":"2016-07-19T17:21:15","guid":{"rendered":"https:\/\/radiowebmx.com\/nota\/?p=24762"},"modified":"2016-07-19T12:21:15","modified_gmt":"2016-07-19T17:21:15","slug":"atencion-a-las-comunidades-con-mayor-rezago-social-sedesol","status":"publish","type":"post","link":"https:\/\/radiowebmx.com\/nota\/atencion-a-las-comunidades-con-mayor-rezago-social-sedesol\/","title":{"rendered":"Atenci\u00f3n a las comunidades con mayor rezago social: Sedesol"},"content":{"rendered":"<p class=\"x_MsoNormal\"><a href=\"https:\/\/radiowebmx.com\/nota\/wp-content\/uploads\/2016\/07\/Aquila-Maquili1.jpg\"><img loading=\"lazy\" decoding=\"async\" class=\"alignleft size-full wp-image-24764\" src=\"https:\/\/radiowebmx.com\/nota\/wp-content\/uploads\/2016\/07\/Aquila-Maquili1.jpg\" alt=\"Aquila Maquili\" width=\"591\" height=\"304\" srcset=\"https:\/\/radiowebmx.com\/nota\/wp-content\/uploads\/2016\/07\/Aquila-Maquili1.jpg 591w, https:\/\/radiowebmx.com\/nota\/wp-content\/uploads\/2016\/07\/Aquila-Maquili1-300x154.jpg 300w\" sizes=\"auto, (max-width: 591px) 100vw, 591px\" \/><\/a>La estrategia de inclusi\u00f3n social que implementa el Gobierno Federal parte del fortalecimiento de los municipios al atender las necesidades prioritarias de las comunidades con mayor rezago social, precisaron autoridades federales y municipales durante el inicio de obras de agua potable, drenaje, vivienda y centros comunitarios en la regi\u00f3n sierra costa.<\/p>\n<p class=\"x_MsoNormal\">\n<p class=\"x_MsoNormal\">El secretario de Desarrollo Social Jos\u00e9 Antonio Meade, nos ha pedido que ampliemos las metas para reducir las carencias que enfrentan los michoacanos, precis\u00f3 V\u00edctor Tapia Casta\u00f1eda, delegado de la dependencia al dar banderazo de arranque a obras del Programa 3 x 1 para Migrantes junto a los alcaldes Misael Gonz\u00e1lez de \u00a0Coalcom\u00e1n, Jos\u00e9 Arteaga de Aquila, Porfirio Mendoza de Coahuyana y \u00a0Aurelio Arreguin de Tepalcatepec.<\/p>\n<p class=\"x_MsoNormal\">\n<p class=\"x_MsoNormal\">Como encargado federal de la regi\u00f3n m\u00e1s lejana, amplia y que presenta mayores rezagos sociales del territorio michoacano, Tapia Casta\u00f1eda en su quinta gira del a\u00f1o por la regi\u00f3n sierra costa, se\u00f1al\u00f3 que solo se pueden ver resultados si se trabaja a trav\u00e9s de los municipios.<\/p>\n<p class=\"x_MsoNormal\">\n<p class=\"x_MsoNormal\">Al hacer entrega de recursos la delegaci\u00f3n de la Sedesol en Michoac\u00e1n permite el inicio de la construcci\u00f3n de la red de agua potable y sanitaria en las Trojes municipio de Coalcom\u00e1n, en beneficio de 500 de los 700 pobladores de la comunidad a la que se llega por una terracer\u00eda de 40 kil\u00f3metros.<\/p>\n<p class=\"x_MsoNormal\">\n<p class=\"x_MsoNormal\">En la localidad de Maquili municipio de Aquila, se dio inicio a la ampliaci\u00f3n y modernizaci\u00f3n del sistema de agua potable, la cual se han convertido en una demanda a\u00f1eja de la poblaci\u00f3n, ya que solo se recibe dos horas diarias de agua y con poca presi\u00f3n.<\/p>\n<p class=\"x_MsoNormal\">\n<p class=\"x_MsoNormal\">En la cabecera de Coahuyana se concluir\u00e1 la construcci\u00f3n de la techumbre del Auditorio municipal en donde se alberga el museo, as\u00ed mismo se contin\u00faa con el mejoramiento de viviendas y se dio arranque a la construcci\u00f3n de 220 acciones adicionales.<\/p>\n<p class=\"x_MsoNormal\">En la comunidad de Colomotit\u00e1n, municipio de Tepalcatepec, se inici\u00f3 la construcci\u00f3n de la techumbre de Escuela Primaria Rural\u00a0Federal Plan de Ayutla, a\u00f1eja demanda de una localidad que enfrenta altas temperaturas y en donde adem\u00e1s de los estudiantes, la comunidad entera requiere un espacio para la realizaci\u00f3n de actividades colectivas.<\/p>\n","protected":false},"excerpt":{"rendered":"<p>La estrategia de inclusi\u00f3n social que implementa el Gobierno Federal parte del fortalecimiento de los municipios al atender las necesidades prioritarias de las comunidades con mayor rezago social,<\/p>\n","protected":false},"author":1,"featured_media":24764,"comment_status":"open","ping_status":"open","sticky":false,"template":"","format":"standard","meta":{"footnotes":""},"categories":[14,3],"tags":[],"class_list":["post-24762","post","type-post","status-publish","format-standard","has-post-thumbnail","hentry","category-destacadas","category-gobierno-del-estado-de-michoacan"],"_links":{"self":[{"href":"https:\/\/radiowebmx.com\/nota\/wp-json\/wp\/v2\/posts\/24762","targetHints":{"allow":["GET"]}}],"collection":[{"href":"https:\/\/radiowebmx.com\/nota\/wp-json\/wp\/v2\/posts"}],"about":[{"href":"https:\/\/radiowebmx.com\/nota\/wp-json\/wp\/v2\/types\/post"}],"author":[{"embeddable":true,"href":"https:\/\/radiowebmx.com\/nota\/wp-json\/wp\/v2\/users\/1"}],"replies":[{"embeddable":true,"href":"https:\/\/radiowebmx.com\/nota\/wp-json\/wp\/v2\/comments?post=24762"}],"version-history":[{"count":1,"href":"https:\/\/radiowebmx.com\/nota\/wp-json\/wp\/v2\/posts\/24762\/revisions"}],"predecessor-version":[{"id":24765,"href":"https:\/\/radiowebmx.com\/nota\/wp-json\/wp\/v2\/posts\/24762\/revisions\/24765"}],"wp:featuredmedia":[{"embeddable":true,"href":"https:\/\/radiowebmx.com\/nota\/wp-json\/wp\/v2\/media\/24764"}],"wp:attachment":[{"href":"https:\/\/radiowebmx.com\/nota\/wp-json\/wp\/v2\/media?parent=24762"}],"wp:term":[{"taxonomy":"category","embeddable":true,"href":"https:\/\/radiowebmx.com\/nota\/wp-json\/wp\/v2\/categories?post=24762"},{"taxonomy":"post_tag","embeddable":true,"href":"https:\/\/radiowebmx.com\/nota\/wp-json\/wp\/v2\/tags?post=24762"}],"curies":[{"name":"wp","href":"https:\/\/api.w.org\/{rel}","templated":true}]}}