{"id":24759,"date":"2016-07-19T12:13:31","date_gmt":"2016-07-19T17:13:31","guid":{"rendered":"https:\/\/radiowebmx.com\/nota\/?p=24759"},"modified":"2016-07-19T12:13:31","modified_gmt":"2016-07-19T17:13:31","slug":"avanza-construccion-del-programa-especial-de-innovacion-ciencia-y-desarrollo-tecnologico","status":"publish","type":"post","link":"https:\/\/radiowebmx.com\/nota\/avanza-construccion-del-programa-especial-de-innovacion-ciencia-y-desarrollo-tecnologico\/","title":{"rendered":"Avanza construcci\u00f3n del Programa Especial de Innovaci\u00f3n, Ciencia y Desarrollo Tecnol\u00f3gico"},"content":{"rendered":"<p><a href=\"https:\/\/radiowebmx.com\/nota\/wp-content\/uploads\/2016\/07\/76f1f106-29fb-481c-9474-dd32b36da5ee.jpg\"><img loading=\"lazy\" decoding=\"async\" class=\"alignleft size-full wp-image-24760\" src=\"https:\/\/radiowebmx.com\/nota\/wp-content\/uploads\/2016\/07\/76f1f106-29fb-481c-9474-dd32b36da5ee.jpg\" alt=\"76f1f106-29fb-481c-9474-dd32b36da5ee\" width=\"591\" height=\"235\" srcset=\"https:\/\/radiowebmx.com\/nota\/wp-content\/uploads\/2016\/07\/76f1f106-29fb-481c-9474-dd32b36da5ee.jpg 591w, https:\/\/radiowebmx.com\/nota\/wp-content\/uploads\/2016\/07\/76f1f106-29fb-481c-9474-dd32b36da5ee-300x119.jpg 300w\" sizes=\"auto, (max-width: 591px) 100vw, 591px\" \/><\/a>La Secretar\u00eda de Innovaci\u00f3n, Ciencia y Desarrollo Tecnol\u00f3gico (SICDET) presenta los resultados del Foro de Consulta para la Construcci\u00f3n del Programa Especial de Innovaci\u00f3n, Ciencia y Desarrollo Tecnol\u00f3gico 2015-2021.<\/p>\n<p>El titular de la SICDET, Jos\u00e9 Luis Monta\u00f1ez Espinosa, resalt\u00f3 que el objetivo es construir pol\u00edticas p\u00fablicas que responden a necesidades reales y plenamente identificadas en la entidad, por lo que la dependencia continuar\u00e1 generando espacios de discusi\u00f3n y an\u00e1lisis.<\/p>\n<p>El Foro de Consulta se llev\u00f3 a cabo la semana pasada y cont\u00f3 con la participaci\u00f3n de reconocidos investigadores de instituciones de educaci\u00f3n superior y centros de investigaci\u00f3n que desarrollan trabajos en las diversas \u00e1reas del conocimiento, as\u00ed como representantes de empresas de base cient\u00edfica y tecnol\u00f3gica integradas al Registro Nacional de Empresas e Instituciones Cient\u00edfica y Tecnol\u00f3gicas.<\/p>\n<p>Adem\u00e1s, participaron funcionarios de gobierno y de instituciones acad\u00e9micas p\u00fablicas y privadas con experiencia en la conducci\u00f3n de proyectos de innovaci\u00f3n, vinculaci\u00f3n y transferencia de conocimientos y tecnolog\u00eda.<\/p>\n<p>La estructura del Foro permiti\u00f3 que los participantes se reunieran en torno a cuatro mesas sobre igual n\u00famero de temas. Tras los procesos de deliberaci\u00f3n, debate y discusi\u00f3n se lograron los siguientes resultados:<\/p>\n<p><strong>Mesa 1-Impulso a la innovaci\u00f3n para la productividad y competitividad<\/strong>: Se concluy\u00f3 que es preciso generar esquemas que impulsen proyectos innovadores, surgidos en colaboraci\u00f3n con la academia, empresa y gobierno; as\u00ed como la necesidad de generar y vincular polos de innovaci\u00f3n alineados con el desarrollo regional, promoviendo cl\u00fasters con perfil acad\u00e9mico por regiones. Adem\u00e1s, se deber\u00e1 aprovechar el potencial de las instituciones de educaci\u00f3n superior locales y sus centros de investigaci\u00f3n. Por \u00faltimo, se manifest\u00f3 que el Sistema Estatal de Ciencia, Tecnolog\u00eda e Innovaci\u00f3n deber\u00e1 responder a las necesidades del desarrollo integral, incorporando la innovaci\u00f3n social como un mecanismo que contribuya a regenerar el tejido social y productivo.<\/p>\n<p><strong>Mesa 2- Fortalecimiento de las capacidades cient\u00edficas:<\/strong> Se concluy\u00f3 que deber\u00e1n establecerse mecanismos para continuar apoyando la investigaci\u00f3n b\u00e1sica, adem\u00e1s de impulsar la descentralizaci\u00f3n de las capacidades en ciencia y estimular la investigaci\u00f3n en temas educativos. Destac\u00f3 la petici\u00f3n de considerar dentro de la agenda de investigaci\u00f3n a las ciencias sociales y las humanidades y fortalecer la preparaci\u00f3n desde la educaci\u00f3n media superior, integrando aspectos de vinculaci\u00f3n y transferencia tecnol\u00f3gica en los procesos formativos, as\u00ed como incorporar en la curr\u00edcula de educaci\u00f3n b\u00e1sica al emprendimiento. Adem\u00e1s, se discuti\u00f3 sobre actualizar el padr\u00f3n de investigadores estatales y crear un repositorio digital en donde se incluyan sus aportaciones a efecto de generar vinculaci\u00f3n entre ellos.<\/p>\n<p><strong>Mesa 3- Desarrollo de capacidades tecnol\u00f3gicas:<\/strong> Entre los puntos tratados destaca la necesidad de fortalecer las capacidades de investigaci\u00f3n y desarrollo del CIDAM y generar programas que valoricen el conocimiento y la tecnolog\u00eda entre la academia y la industria de manera bidireccional, a la par de invertir mayores recursos para el desarrollo de tecnolog\u00eda y su incorporaci\u00f3n al mercado, modificando lo necesario en los marcos jur\u00eddicos y estructura de las instituciones de educaci\u00f3n superior para agilizar el proceso de generaci\u00f3n. Se pronunciaron tambi\u00e9n por generar un grupo experto en formaci\u00f3n en temas de propiedad industrial e intelectual.<\/p>\n<p><strong>Mesa 4- Transversalidad de la pol\u00edtica en ciencia, tecnolog\u00eda e innovaci\u00f3n:<\/strong> Se discuti\u00f3 sobre desarrollo de proyectos participativos con aportaciones de todos los involucrados, reformar la Ley de Ciencia, Tecnolog\u00eda e Innovaci\u00f3n para adecuarla a las necesidades reales de la entidad y vincular las tesis de grado con las condiciones del entorno, adem\u00e1s de generar cat\u00e1logos de las instituciones de educaci\u00f3n superior y apoyar actividades de divulgaci\u00f3n que puedan vincularse de manera efectiva. Adicionalmente se elev\u00f3 la petici\u00f3n de contar con un Museo Michoacano de Ciencias del m\u00e1s alto nivel<\/p>\n","protected":false},"excerpt":{"rendered":"<p>La SICDET presenta los resultados del Foro de Consulta para la Construcci\u00f3n del Programa Especial de Innovaci\u00f3n, Ciencia y Desarrollo Tecnol\u00f3gico 2015-2021.<\/p>\n","protected":false},"author":1,"featured_media":24760,"comment_status":"open","ping_status":"open","sticky":false,"template":"","format":"standard","meta":{"footnotes":""},"categories":[14,3],"tags":[],"class_list":["post-24759","post","type-post","status-publish","format-standard","has-post-thumbnail","hentry","category-destacadas","category-gobierno-del-estado-de-michoacan"],"_links":{"self":[{"href":"https:\/\/radiowebmx.com\/nota\/wp-json\/wp\/v2\/posts\/24759","targetHints":{"allow":["GET"]}}],"collection":[{"href":"https:\/\/radiowebmx.com\/nota\/wp-json\/wp\/v2\/posts"}],"about":[{"href":"https:\/\/radiowebmx.com\/nota\/wp-json\/wp\/v2\/types\/post"}],"author":[{"embeddable":true,"href":"https:\/\/radiowebmx.com\/nota\/wp-json\/wp\/v2\/users\/1"}],"replies":[{"embeddable":true,"href":"https:\/\/radiowebmx.com\/nota\/wp-json\/wp\/v2\/comments?post=24759"}],"version-history":[{"count":1,"href":"https:\/\/radiowebmx.com\/nota\/wp-json\/wp\/v2\/posts\/24759\/revisions"}],"predecessor-version":[{"id":24761,"href":"https:\/\/radiowebmx.com\/nota\/wp-json\/wp\/v2\/posts\/24759\/revisions\/24761"}],"wp:featuredmedia":[{"embeddable":true,"href":"https:\/\/radiowebmx.com\/nota\/wp-json\/wp\/v2\/media\/24760"}],"wp:attachment":[{"href":"https:\/\/radiowebmx.com\/nota\/wp-json\/wp\/v2\/media?parent=24759"}],"wp:term":[{"taxonomy":"category","embeddable":true,"href":"https:\/\/radiowebmx.com\/nota\/wp-json\/wp\/v2\/categories?post=24759"},{"taxonomy":"post_tag","embeddable":true,"href":"https:\/\/radiowebmx.com\/nota\/wp-json\/wp\/v2\/tags?post=24759"}],"curies":[{"name":"wp","href":"https:\/\/api.w.org\/{rel}","templated":true}]}}