{"id":24756,"date":"2016-07-19T11:54:23","date_gmt":"2016-07-19T16:54:23","guid":{"rendered":"https:\/\/radiowebmx.com\/nota\/?p=24756"},"modified":"2016-07-19T11:54:23","modified_gmt":"2016-07-19T16:54:23","slug":"favorable-diagnostico-situacional-en-materia-de-salud-en-la-region-infiernillo","status":"publish","type":"post","link":"https:\/\/radiowebmx.com\/nota\/favorable-diagnostico-situacional-en-materia-de-salud-en-la-region-infiernillo\/","title":{"rendered":"Favorable diagn\u00f3stico situacional en materia de salud en la regi\u00f3n Infiernillo"},"content":{"rendered":"<p><a href=\"https:\/\/radiowebmx.com\/nota\/wp-content\/uploads\/2016\/07\/9d4d0a96-5a64-458c-b0a2-2f9d3107009a.jpg\"><img loading=\"lazy\" decoding=\"async\" class=\"alignleft size-full wp-image-24757\" src=\"https:\/\/radiowebmx.com\/nota\/wp-content\/uploads\/2016\/07\/9d4d0a96-5a64-458c-b0a2-2f9d3107009a.jpg\" alt=\"9d4d0a96-5a64-458c-b0a2-2f9d3107009a\" width=\"591\" height=\"302\" srcset=\"https:\/\/radiowebmx.com\/nota\/wp-content\/uploads\/2016\/07\/9d4d0a96-5a64-458c-b0a2-2f9d3107009a.jpg 591w, https:\/\/radiowebmx.com\/nota\/wp-content\/uploads\/2016\/07\/9d4d0a96-5a64-458c-b0a2-2f9d3107009a-300x153.jpg 300w\" sizes=\"auto, (max-width: 591px) 100vw, 591px\" \/><\/a>Autoridades de los tres \u00f3rdenes de Gobierno, encabezadas por la directora general de la Comisi\u00f3n para el Desarrollo Sostenible de la Costa Michoacana (Codecom), Patricia Flores Anguiano, y el delegado en la entidad de la Secretar\u00eda del Trabajo y Previsi\u00f3n Social (STPS), Jos\u00e9 Noguez Salda\u00f1a, concluyeron el diagn\u00f3stico situacional en materia de salud de la regi\u00f3n Infiernillo.<\/p>\n<p>&nbsp;<\/p>\n<p>Flores Anguiano y Noguez Salda\u00f1a, en su calidad de enlaces estatal y federal para la regi\u00f3n, se reunieron con los alcaldes de M\u00fagica, Salvador Ruiz Ruiz; Ario de Rosales, Cenobio Hern\u00e1ndez Lara; La Huacana, Lino Paz Rosas; y Nuevo Urecho, Adolfo Rodr\u00edguez S\u00e1nchez; Juan Sa\u00fal Ramos Gonz\u00e1lez, asesor de la Secretar\u00eda de Salud de Michoac\u00e1n; los jefes de jurisdicci\u00f3n y directores de los Centros de Salud.<\/p>\n<p>&nbsp;<\/p>\n<p>El diagn\u00f3stico situacional en materia de salud se enfoc\u00f3 en las \u00e1reas de medicamentos, recursos humanos, equipamiento e infraestructura.<\/p>\n<p>&nbsp;<\/p>\n<p>En materia de medicamentos se concluy\u00f3 que la regi\u00f3n cuenta con una cobertura estimada de entre 85 y 90 por ciento de abasto; mientras que los recursos humanos de los centros m\u00e9dicos est\u00e1n cubiertos en su totalidad, al igual que el equipamiento.<\/p>\n<p>&nbsp;<\/p>\n<p>En cuanto a la infraestructura, se constat\u00f3 que la construcci\u00f3n de los centros de salud de Nuevo Urecho, La Huacana y M\u00fagica registran avances, mientras que el de Ario de Rosales debe ser edificado desde sus cimientos.<\/p>\n<p>&nbsp;<\/p>\n<p>El diagn\u00f3stico que levantaron y validaron las autoridades federales, estatales y municipales le ser\u00e1 entregado al titular de la SSM, Carlos Aranza Doniz, quien habr\u00e1 de indicar los plazos de las obras, a fin de darles viabilidad t\u00e9cnica y presupuestaria.<\/p>\n<p>&nbsp;<\/p>\n<p>De esta manera, la Codecom cumple las indicaciones del Gobernador del Estado, Silvano Aureoles Conejo, de atender a todas las regiones de la entidad mediante un trabajo coordinado con los tres \u00f3rdenes de Gobierno.<\/p>\n","protected":false},"excerpt":{"rendered":"<p>Autoridades de los tres \u00f3rdenes de Gobierno, encabezadas por la directora general de la Codecom, Patricia Flores Anguiano, y el delegado en la entidad de la STPS, Jos\u00e9 Noguez Salda\u00f1a, concluyeron el diagn\u00f3stico situacional en materia de salud de la regi\u00f3n Infiernillo.<\/p>\n","protected":false},"author":1,"featured_media":24757,"comment_status":"open","ping_status":"open","sticky":false,"template":"","format":"standard","meta":{"footnotes":""},"categories":[14,3],"tags":[],"class_list":["post-24756","post","type-post","status-publish","format-standard","has-post-thumbnail","hentry","category-destacadas","category-gobierno-del-estado-de-michoacan"],"_links":{"self":[{"href":"https:\/\/radiowebmx.com\/nota\/wp-json\/wp\/v2\/posts\/24756","targetHints":{"allow":["GET"]}}],"collection":[{"href":"https:\/\/radiowebmx.com\/nota\/wp-json\/wp\/v2\/posts"}],"about":[{"href":"https:\/\/radiowebmx.com\/nota\/wp-json\/wp\/v2\/types\/post"}],"author":[{"embeddable":true,"href":"https:\/\/radiowebmx.com\/nota\/wp-json\/wp\/v2\/users\/1"}],"replies":[{"embeddable":true,"href":"https:\/\/radiowebmx.com\/nota\/wp-json\/wp\/v2\/comments?post=24756"}],"version-history":[{"count":1,"href":"https:\/\/radiowebmx.com\/nota\/wp-json\/wp\/v2\/posts\/24756\/revisions"}],"predecessor-version":[{"id":24758,"href":"https:\/\/radiowebmx.com\/nota\/wp-json\/wp\/v2\/posts\/24756\/revisions\/24758"}],"wp:featuredmedia":[{"embeddable":true,"href":"https:\/\/radiowebmx.com\/nota\/wp-json\/wp\/v2\/media\/24757"}],"wp:attachment":[{"href":"https:\/\/radiowebmx.com\/nota\/wp-json\/wp\/v2\/media?parent=24756"}],"wp:term":[{"taxonomy":"category","embeddable":true,"href":"https:\/\/radiowebmx.com\/nota\/wp-json\/wp\/v2\/categories?post=24756"},{"taxonomy":"post_tag","embeddable":true,"href":"https:\/\/radiowebmx.com\/nota\/wp-json\/wp\/v2\/tags?post=24756"}],"curies":[{"name":"wp","href":"https:\/\/api.w.org\/{rel}","templated":true}]}}