{"id":24751,"date":"2016-07-19T11:12:03","date_gmt":"2016-07-19T16:12:03","guid":{"rendered":"https:\/\/radiowebmx.com\/nota\/?p=24751"},"modified":"2016-07-19T11:12:03","modified_gmt":"2016-07-19T16:12:03","slug":"promulgacion-de-leyes-anticorrupcion-logro-del-esfuerzo-entre-sociedad-y-gobierno-victor-silva","status":"publish","type":"post","link":"https:\/\/radiowebmx.com\/nota\/promulgacion-de-leyes-anticorrupcion-logro-del-esfuerzo-entre-sociedad-y-gobierno-victor-silva\/","title":{"rendered":"PROMULGACI\u00d3N DE LEYES ANTICORRUPCI\u00d3N, LOGRO DEL ESFUERZO ENTRE SOCIEDAD Y GOBIERNO: V\u00cdCTOR SILVA"},"content":{"rendered":"<p class=\"x_MsoNormal\"><span lang=\"ES\"><a href=\"https:\/\/radiowebmx.com\/nota\/wp-content\/uploads\/2016\/07\/image1.jpg\"><img loading=\"lazy\" decoding=\"async\" class=\"alignleft size-full wp-image-24752\" src=\"https:\/\/radiowebmx.com\/nota\/wp-content\/uploads\/2016\/07\/image1.jpg\" alt=\"image1\" width=\"591\" height=\"298\" srcset=\"https:\/\/radiowebmx.com\/nota\/wp-content\/uploads\/2016\/07\/image1.jpg 591w, https:\/\/radiowebmx.com\/nota\/wp-content\/uploads\/2016\/07\/image1-300x151.jpg 300w\" sizes=\"auto, (max-width: 591px) 100vw, 591px\" \/><\/a>V\u00edctor Silva Tejeda, dirigente del PRI en Michoac\u00e1n, asegur\u00f3 que la promulgaci\u00f3n de leyes anticorrupci\u00f3n, que recientemente fueron aprobadas en el Congreso de la Uni\u00f3n,\u00a0 por parte del Presidente Enrique Pe\u00f1a Nieto, es resultado del esfuerzo en conjunto entre sociedad y gobierno.<\/span><\/p>\n<p class=\"x_MsoNormal\"><span lang=\"ES\">\u00a0<\/span><\/p>\n<p class=\"x_MsoNormal\"><span lang=\"ES\">Aval\u00f3\u00a0 las palabras del Presidente de M\u00e9xico, quien al promulgar las leyes secundarias del Sistema Nacional Anticorrupci\u00f3n, asegur\u00f3 que se trabajar\u00e1 para erradicar los abusos de quienes no cumplen con la ley, de quienes da\u00f1an la reputaci\u00f3n de millones de servidores p\u00fablicos que desempe\u00f1an de forma \u00edntegra y honesta su trabajo.<\/span><\/p>\n<p class=\"x_MsoNormal\"><span lang=\"ES\">\u00a0<\/span><\/p>\n<p class=\"x_MsoNormal\"><span lang=\"ES\">El Diputado Federal del PRI, se\u00f1al\u00f3 que \u201choy inicia una nueva etapa en M\u00e9xico, de una democracia que privilegia la transparencia, la rendici\u00f3n de cuentas y el combate decidido contra la corrupci\u00f3n&#8221;.<\/span><\/p>\n<p class=\"x_MsoNormal\"><span lang=\"ES\">\u00a0<\/span><\/p>\n<p class=\"x_MsoNormal\"><span lang=\"ES\">Explic\u00f3 que el Sistema Nacional Anticorrupci\u00f3n tendr\u00e1 como base diversos mecanismos que buscar\u00e1n prevenir la corrupci\u00f3n mediante c\u00f3digos de \u00e9tica, mecanismos de autorregulaci\u00f3n y protocolos de actuaci\u00f3n. Y \u201cser\u00e1 presidido por ciudadanos; los gobernantes no volver\u00e1n a ser jueces y parte en las investigaciones y acusaciones por corrupci\u00f3n\u201d. Ya que funcionar\u00e1 a trav\u00e9s de un comit\u00e9 coordinador integrado por los titulares de la Auditor\u00eda Superior de la Federaci\u00f3n, de la Fiscal\u00eda Especializada en Combate a la Corrupci\u00f3n, por el Magistrado Presidente del Tribunal Federal de Justicia Administrativa, el Comisionado Presidente del IFAI, un representante del Consejo de la Judicatura Federal y otro del comit\u00e9 de Participaci\u00f3n Ciudadana.<\/span><\/p>\n<p class=\"x_MsoNormal\"><span lang=\"ES\">\u00a0<\/span><\/p>\n<p class=\"x_MsoNormal\"><span lang=\"ES\">\u201cLos priistas pugnamos por la integralidad de un sistema nacional de transparencia y rendici\u00f3n de cuentas que abata la corrupci\u00f3n, que sea legal e institucional\u201d, concluy\u00f3 Silva Tejeda.<\/span><\/p>\n","protected":false},"excerpt":{"rendered":"<p>V\u00edctor Silva Tejeda, dirigente del PRI en Michoac\u00e1n, asegur\u00f3 que la promulgaci\u00f3n de leyes anticorrupci\u00f3n, que recientemente fueron aprobadas en el Congreso de la Uni\u00f3n,\u00a0 por parte del Presidente Enrique Pe\u00f1a Nieto, es resultado del esfuerzo en conjunto entre sociedad y gobierno. \u00a0 Aval\u00f3\u00a0 las palabras del Presidente de M\u00e9xico, quien al promulgar las leyes [&hellip;]<\/p>\n","protected":false},"author":1,"featured_media":24752,"comment_status":"open","ping_status":"open","sticky":false,"template":"","format":"standard","meta":{"footnotes":""},"categories":[6,14,7],"tags":[],"class_list":["post-24751","post","type-post","status-publish","format-standard","has-post-thumbnail","hentry","category-congreso-del-estado","category-destacadas","category-grupo-parlamentario-del-pri"],"_links":{"self":[{"href":"https:\/\/radiowebmx.com\/nota\/wp-json\/wp\/v2\/posts\/24751","targetHints":{"allow":["GET"]}}],"collection":[{"href":"https:\/\/radiowebmx.com\/nota\/wp-json\/wp\/v2\/posts"}],"about":[{"href":"https:\/\/radiowebmx.com\/nota\/wp-json\/wp\/v2\/types\/post"}],"author":[{"embeddable":true,"href":"https:\/\/radiowebmx.com\/nota\/wp-json\/wp\/v2\/users\/1"}],"replies":[{"embeddable":true,"href":"https:\/\/radiowebmx.com\/nota\/wp-json\/wp\/v2\/comments?post=24751"}],"version-history":[{"count":1,"href":"https:\/\/radiowebmx.com\/nota\/wp-json\/wp\/v2\/posts\/24751\/revisions"}],"predecessor-version":[{"id":24753,"href":"https:\/\/radiowebmx.com\/nota\/wp-json\/wp\/v2\/posts\/24751\/revisions\/24753"}],"wp:featuredmedia":[{"embeddable":true,"href":"https:\/\/radiowebmx.com\/nota\/wp-json\/wp\/v2\/media\/24752"}],"wp:attachment":[{"href":"https:\/\/radiowebmx.com\/nota\/wp-json\/wp\/v2\/media?parent=24751"}],"wp:term":[{"taxonomy":"category","embeddable":true,"href":"https:\/\/radiowebmx.com\/nota\/wp-json\/wp\/v2\/categories?post=24751"},{"taxonomy":"post_tag","embeddable":true,"href":"https:\/\/radiowebmx.com\/nota\/wp-json\/wp\/v2\/tags?post=24751"}],"curies":[{"name":"wp","href":"https:\/\/api.w.org\/{rel}","templated":true}]}}