{"id":24735,"date":"2016-07-18T13:28:34","date_gmt":"2016-07-18T18:28:34","guid":{"rendered":"https:\/\/radiowebmx.com\/nota\/?p=24735"},"modified":"2016-07-18T13:30:01","modified_gmt":"2016-07-18T18:30:01","slug":"conmemora-ayuntamiento-cxliv-aniversario-luctuoso-de-benito-juarez","status":"publish","type":"post","link":"https:\/\/radiowebmx.com\/nota\/conmemora-ayuntamiento-cxliv-aniversario-luctuoso-de-benito-juarez\/","title":{"rendered":"Conmemora Ayuntamiento CXLIV Aniversario Luctuoso de Benito Ju\u00e1rez"},"content":{"rendered":"<p><a href=\"https:\/\/radiowebmx.com\/nota\/wp-content\/uploads\/2016\/07\/13ee3540-7e68-4959-86ff-671f396ef4c1.jpg\"><img loading=\"lazy\" decoding=\"async\" class=\"alignleft size-full wp-image-24736\" src=\"https:\/\/radiowebmx.com\/nota\/wp-content\/uploads\/2016\/07\/13ee3540-7e68-4959-86ff-671f396ef4c1.jpg\" alt=\"13ee3540-7e68-4959-86ff-671f396ef4c1\" width=\"591\" height=\"346\" srcset=\"https:\/\/radiowebmx.com\/nota\/wp-content\/uploads\/2016\/07\/13ee3540-7e68-4959-86ff-671f396ef4c1.jpg 591w, https:\/\/radiowebmx.com\/nota\/wp-content\/uploads\/2016\/07\/13ee3540-7e68-4959-86ff-671f396ef4c1-300x176.jpg 300w\" sizes=\"auto, (max-width: 591px) 100vw, 591px\" \/><\/a>Con motivo del CXLIV Aniversario Luctuoso del Benito Ju\u00e1rez Garc\u00eda, autoridades de los tres \u00f3rdenes de Gobierno, encabezadas por el Presidente Municipal de Morelia, Alfonso Mart\u00ednez Alc\u00e1zar, celebraron la Ceremonia C\u00edvica Conmemorativa a este hecho en la Plaza que lleva el nombre del tambi\u00e9n llamado Benem\u00e9rito de la Am\u00e9ricas, en esta ciudad.<\/p>\n<p>Durante el acto en el que tambi\u00e9n estuvieron presentes el Secretario del H. Ayuntamiento, Jes\u00fas \u00c1valos Plata; el Director de Gobernaci\u00f3n del Ejecutivo Estatal, Daniel Rangel Pi\u00f1\u00f3n; as\u00ed como el Teniente Coronel, Paulo Francisco Ben\u00edtez G\u00f3mez, Comandante del 12vo Batall\u00f3n de Infanter\u00eda, el representante de la Muy Respetable Gran Logia Michoacana \u201cL\u00e1zaro C\u00e1rdenas\u201d y orador oficial del evento, Arturo P\u00e9rez Negr\u00f3n Medrano, record\u00f3 a Benito Ju\u00e1rez como un ejemplo, s\u00edmbolo, pr\u00f3cer y orgullo de los mexicanos.<\/p>\n<p>Puntualiz\u00f3 que quien fuera Presidente de M\u00e9xico entre 1858 y 1872, super\u00f3 los prejuicios de su \u00e9poca y dej\u00f3 un \u201clegado \u00e9tico, pol\u00edtico y jur\u00eddico no s\u00f3lo a los mexicanos, sino tambi\u00e9n al mundo entero, ya que a pesar de los ataques internos y externos a las instituciones republicanas de la naci\u00f3n, sostuvo los principios de la supremac\u00eda de la constituci\u00f3n, la fe en la rep\u00fablica, el imperio de la ley, la secularizaci\u00f3n del estado, la libertad de culto y la libre autodeterminaci\u00f3n de los pueblos\u201d.<\/p>\n<p>Tras se\u00f1alar que la historia de su existencia est\u00e1 ligada al alumbramiento y consolidaci\u00f3n de la Rep\u00fablica Mexicana, Arturo P\u00e9rez Negr\u00f3n enfatiz\u00f3 que el Benem\u00e9rito de la Am\u00e9ricas defendi\u00f3 al pa\u00eds con la bandera de la libertad y la justicia.<\/p>\n<p>Recordar a Ju\u00e1rez en este acto luctuoso, a\u00f1adi\u00f3, es ocasi\u00f3n propicia para evocar los valores que defendi\u00f3 sin claudicar, remembrar con \u00e9l que la pol\u00edtica no es solo cuesti\u00f3n de ideas, sino de actos y conductas que coincidan con ellas y la funci\u00f3n p\u00fablica es m\u00e1s digna cuando se ejerce con vocaci\u00f3n y apego a la ley.<\/p>\n<p>En este sentido, se pronunci\u00f3 porque los ciudadanos se conviertan en actores pol\u00edticos y sociales, a fin de construir un verdadero proyecto de naci\u00f3n que despierte la conciencia de quienes gobiernan.<\/p>\n<p>\u201cEl momento socio pol\u00edtico que vive el mundo y nuestro pa\u00eds demanda que tomemos la decisi\u00f3n de luchar de manera organizada y respetuosa contra todo poder pol\u00edtico arbitrario y contra toda agrupaci\u00f3n que pretenda cortar la libertad\u201d, conmin\u00f3.<\/p>\n<p>Finalmente, el Alcalde, Alfonso Mart\u00ednez, acompa\u00f1ado de los funcionarios municipales y estatales, mont\u00f3 guardia de honor y colocaron la ofrenda floral en el busto de Benito Ju\u00e1rez.<\/p>\n<p>Previamente, el Presidente Municipal encabez\u00f3 el Izamiento de la Bandera en la Plaza Jard\u00edn Morelos, con el que dieron inicio estas actividades c\u00edvicas.<\/p>\n","protected":false},"excerpt":{"rendered":"<p>Con motivo del CXLIV Aniversario Luctuoso del Benito Ju\u00e1rez Garc\u00eda, autoridades de los tres \u00f3rdenes de Gobierno, encabezadas por el Presidente Municipal de Morelia, Alfonso Mart\u00ednez Alc\u00e1zar,<\/p>\n","protected":false},"author":1,"featured_media":24736,"comment_status":"open","ping_status":"open","sticky":false,"template":"","format":"standard","meta":{"footnotes":""},"categories":[14,3],"tags":[],"class_list":["post-24735","post","type-post","status-publish","format-standard","has-post-thumbnail","hentry","category-destacadas","category-gobierno-del-estado-de-michoacan"],"_links":{"self":[{"href":"https:\/\/radiowebmx.com\/nota\/wp-json\/wp\/v2\/posts\/24735","targetHints":{"allow":["GET"]}}],"collection":[{"href":"https:\/\/radiowebmx.com\/nota\/wp-json\/wp\/v2\/posts"}],"about":[{"href":"https:\/\/radiowebmx.com\/nota\/wp-json\/wp\/v2\/types\/post"}],"author":[{"embeddable":true,"href":"https:\/\/radiowebmx.com\/nota\/wp-json\/wp\/v2\/users\/1"}],"replies":[{"embeddable":true,"href":"https:\/\/radiowebmx.com\/nota\/wp-json\/wp\/v2\/comments?post=24735"}],"version-history":[{"count":1,"href":"https:\/\/radiowebmx.com\/nota\/wp-json\/wp\/v2\/posts\/24735\/revisions"}],"predecessor-version":[{"id":24737,"href":"https:\/\/radiowebmx.com\/nota\/wp-json\/wp\/v2\/posts\/24735\/revisions\/24737"}],"wp:featuredmedia":[{"embeddable":true,"href":"https:\/\/radiowebmx.com\/nota\/wp-json\/wp\/v2\/media\/24736"}],"wp:attachment":[{"href":"https:\/\/radiowebmx.com\/nota\/wp-json\/wp\/v2\/media?parent=24735"}],"wp:term":[{"taxonomy":"category","embeddable":true,"href":"https:\/\/radiowebmx.com\/nota\/wp-json\/wp\/v2\/categories?post=24735"},{"taxonomy":"post_tag","embeddable":true,"href":"https:\/\/radiowebmx.com\/nota\/wp-json\/wp\/v2\/tags?post=24735"}],"curies":[{"name":"wp","href":"https:\/\/api.w.org\/{rel}","templated":true}]}}