{"id":24723,"date":"2016-07-18T13:08:38","date_gmt":"2016-07-18T18:08:38","guid":{"rendered":"https:\/\/radiowebmx.com\/nota\/?p=24723"},"modified":"2016-07-18T13:08:38","modified_gmt":"2016-07-18T18:08:38","slug":"gran-participacion-en-la-carrera-atletica-con-motivo-del-dia-del-arbol-y-mes-del-bosque","status":"publish","type":"post","link":"https:\/\/radiowebmx.com\/nota\/gran-participacion-en-la-carrera-atletica-con-motivo-del-dia-del-arbol-y-mes-del-bosque\/","title":{"rendered":"Gran participaci\u00f3n en la carrera atl\u00e9tica con motivo del D\u00eda del \u00c1rbol y Mes del Bosque"},"content":{"rendered":"<figure id=\"attachment_24724\" aria-describedby=\"caption-attachment-24724\" style=\"width: 591px\" class=\"wp-caption alignleft\"><a href=\"https:\/\/radiowebmx.com\/nota\/wp-content\/uploads\/2016\/07\/f4b5c546-e2a4-45dc-9179-6a8ccf35559b.jpg\"><img loading=\"lazy\" decoding=\"async\" class=\"size-full wp-image-24724\" src=\"https:\/\/radiowebmx.com\/nota\/wp-content\/uploads\/2016\/07\/f4b5c546-e2a4-45dc-9179-6a8ccf35559b.jpg\" alt=\"SONY DSC\" width=\"591\" height=\"267\" srcset=\"https:\/\/radiowebmx.com\/nota\/wp-content\/uploads\/2016\/07\/f4b5c546-e2a4-45dc-9179-6a8ccf35559b.jpg 591w, https:\/\/radiowebmx.com\/nota\/wp-content\/uploads\/2016\/07\/f4b5c546-e2a4-45dc-9179-6a8ccf35559b-300x136.jpg 300w\" sizes=\"auto, (max-width: 591px) 100vw, 591px\" \/><\/a><figcaption id=\"caption-attachment-24724\" class=\"wp-caption-text\">SONY DSC<\/figcaption><\/figure>\n<p>Con la participaci\u00f3n de m\u00e1s de mil 200 corredores, este domingo se llev\u00f3 a cabo en la capital michoacana la carrera atl\u00e9tica que con motivo del D\u00eda del \u00c1rbol y el Mes del Boque impuls\u00f3 la Comisi\u00f3n Forestal del Estado de Michoac\u00e1n (Cofom).<\/p>\n<p>La justa deportiva cont\u00f3 con la participaci\u00f3n de funcionarios federales de los tres \u00f3rdenes de gobierno del sector ambiental de Michoac\u00e1n, adem\u00e1s de personas procedentes de los estados de Guanajuato, Colima y Jalisco.<\/p>\n<p>La Secretar\u00eda de Seguridad P\u00fablica se sum\u00f3 a esta carrera con la participaci\u00f3n de 60 cadetes del Instituto Estatal de Estudios Superiores en Seguridad y Profesionalizaci\u00f3n Policial.<\/p>\n<p>En este marco, el director general de la Cofom, Roberto P\u00e9rez Medrano, se\u00f1al\u00f3 que es fundamental que todos los ciudadanos busquen el cuidado y preservaci\u00f3n del bosque, en especial de los recursos forestales, ante los peligros que representan la tala clandestina y el cambio de uso de suelo.<\/p>\n<p>Con este mensaje participamos todos en esta carrera, dijo el funcionario estatal, quien insisti\u00f3 en la importancia de la preservaci\u00f3n de estos recursos que son fuente de vida, proporcionan ox\u00edgeno y son fuente de h\u00e1bitat para la flora y la fauna.<\/p>\n<p>La carrera tuvo un recorrido de cinco kil\u00f3metros, donde tambi\u00e9n tomaron parte un importante n\u00famero de familias que trotaron y corrieron al lado del Acueducto de Morelia, mismas que con entusiasmo reconocieron la importancia de conservar los recursos agua y aire que proporcionan los bosques y selvas.<\/p>\n<p>Los ganadores de los tres primeros lugares en la rama varonil son Roque Mart\u00ednez G\u00f3mez, Edgar Gumesindo Olmedo y Leonel Ch\u00e1vez; en tanto, en la rama femenil, Daniela Alonso Arreola, Andrea Rodr\u00edguez y Elizabeth Rend\u00f3n. En las dos categor\u00edas se entregaron a las y los triunfadores modernas tabletas.<\/p>\n<p>Adem\u00e1s, las autoridades entregaron un reconocimiento al corredor Jos\u00e9 Negrete Mart\u00ednez, de 71 a\u00f1os de edad.<\/p>\n<p>Cabe destacar que las y los asistentes a la carrera atl\u00e9tica disfrutaron en compa\u00f1\u00eda de sus familias la obra de teatro gui\u00f1ol \u201cForestalito\u201d, alusiva a la protecci\u00f3n del bosque y las selvas de Michoac\u00e1n.<\/p>\n","protected":false},"excerpt":{"rendered":"<p>Con la participaci\u00f3n de m\u00e1s de mil 200 corredores, este domingo se llev\u00f3 a cabo en la capital michoacana la carrera atl\u00e9tica que con motivo del D\u00eda del \u00c1rbol y el Mes del Boque impuls\u00f3 la Cofom.<\/p>\n","protected":false},"author":1,"featured_media":24724,"comment_status":"open","ping_status":"open","sticky":false,"template":"","format":"standard","meta":{"footnotes":""},"categories":[14,3],"tags":[],"class_list":["post-24723","post","type-post","status-publish","format-standard","has-post-thumbnail","hentry","category-destacadas","category-gobierno-del-estado-de-michoacan"],"_links":{"self":[{"href":"https:\/\/radiowebmx.com\/nota\/wp-json\/wp\/v2\/posts\/24723","targetHints":{"allow":["GET"]}}],"collection":[{"href":"https:\/\/radiowebmx.com\/nota\/wp-json\/wp\/v2\/posts"}],"about":[{"href":"https:\/\/radiowebmx.com\/nota\/wp-json\/wp\/v2\/types\/post"}],"author":[{"embeddable":true,"href":"https:\/\/radiowebmx.com\/nota\/wp-json\/wp\/v2\/users\/1"}],"replies":[{"embeddable":true,"href":"https:\/\/radiowebmx.com\/nota\/wp-json\/wp\/v2\/comments?post=24723"}],"version-history":[{"count":1,"href":"https:\/\/radiowebmx.com\/nota\/wp-json\/wp\/v2\/posts\/24723\/revisions"}],"predecessor-version":[{"id":24725,"href":"https:\/\/radiowebmx.com\/nota\/wp-json\/wp\/v2\/posts\/24723\/revisions\/24725"}],"wp:featuredmedia":[{"embeddable":true,"href":"https:\/\/radiowebmx.com\/nota\/wp-json\/wp\/v2\/media\/24724"}],"wp:attachment":[{"href":"https:\/\/radiowebmx.com\/nota\/wp-json\/wp\/v2\/media?parent=24723"}],"wp:term":[{"taxonomy":"category","embeddable":true,"href":"https:\/\/radiowebmx.com\/nota\/wp-json\/wp\/v2\/categories?post=24723"},{"taxonomy":"post_tag","embeddable":true,"href":"https:\/\/radiowebmx.com\/nota\/wp-json\/wp\/v2\/tags?post=24723"}],"curies":[{"name":"wp","href":"https:\/\/api.w.org\/{rel}","templated":true}]}}