{"id":24716,"date":"2016-07-18T13:03:00","date_gmt":"2016-07-18T18:03:00","guid":{"rendered":"https:\/\/radiowebmx.com\/nota\/?p=24716"},"modified":"2016-07-18T13:03:00","modified_gmt":"2016-07-18T18:03:00","slug":"desde-michoacan-se-fortalece-la-defensoria-publica-del-pais","status":"publish","type":"post","link":"https:\/\/radiowebmx.com\/nota\/desde-michoacan-se-fortalece-la-defensoria-publica-del-pais\/","title":{"rendered":"Desde Michoac\u00e1n se fortalece la defensor\u00eda p\u00fablica del pa\u00eds"},"content":{"rendered":"<p><a href=\"https:\/\/radiowebmx.com\/nota\/wp-content\/uploads\/2016\/07\/e82ed00c-29a9-4dfe-aa9a-ede19fc6e7d0.jpg\"><img loading=\"lazy\" decoding=\"async\" class=\"alignleft size-full wp-image-24717\" src=\"https:\/\/radiowebmx.com\/nota\/wp-content\/uploads\/2016\/07\/e82ed00c-29a9-4dfe-aa9a-ede19fc6e7d0.jpg\" alt=\"e82ed00c-29a9-4dfe-aa9a-ede19fc6e7d0\" width=\"591\" height=\"253\" srcset=\"https:\/\/radiowebmx.com\/nota\/wp-content\/uploads\/2016\/07\/e82ed00c-29a9-4dfe-aa9a-ede19fc6e7d0.jpg 591w, https:\/\/radiowebmx.com\/nota\/wp-content\/uploads\/2016\/07\/e82ed00c-29a9-4dfe-aa9a-ede19fc6e7d0-300x128.jpg 300w\" sizes=\"auto, (max-width: 591px) 100vw, 591px\" \/><\/a>Del 13 al 15 de julio en este Pueblo M\u00e1gico se llev\u00f3 a cabo el XI Congreso Nacional de Defensor\u00edas P\u00fablicas de la Rep\u00fablica Mexicana, cuyo objetivo fue fortalecer los conocimientos de los defensores p\u00fablicos e intercambiar experiencias sobre la noble funci\u00f3n de la defensor\u00eda p\u00fablica y gratuita.<\/p>\n<p>La sede de este congreso organizado por el Instituto de la Defensor\u00eda P\u00fablica del Estado de Michoac\u00e1n fue el Centro de Cooperaci\u00f3n Regional para la Educaci\u00f3n de Adultos en Am\u00e9rica Latina y el Caribe (CREFAL), donde se abordaron temas como los mecanismos alternativos de soluci\u00f3n de controversias, derechos fundamentales y t\u00e9cnicas de litigaci\u00f3n dentro del Nuevo Sistema de Justicia Penal, homologaci\u00f3n de sentencias en el derecho de familiar, entre otros.<\/p>\n<p>Con la presencia de Leonardo Moreno Holman, acad\u00e9mico del Centro de Estudios de Justicia para las Am\u00e9ricas; Rub\u00e9n Cardoza Mayron, gerente de Justicia Alternativa de Pro-Justicia USAID M\u00e9xico; Jahaziel Reyes Loaeza, secretario ejecutivo del Consejo de Coordinaci\u00f3n para la Implementaci\u00f3n del Sistema Acusatorio en el Estado de Oaxaca; Alejandro Gonz\u00e1lez G\u00f3mez, magistrado de la Primera Sala Penal del Supremo Tribunal de Justicia del Estado de Michoac\u00e1n, entre otros especialistas, los defensores p\u00fablicos del pa\u00eds conocieron la actualizaci\u00f3n del marco jur\u00eddico, as\u00ed como las nuevas estrategias de litigaci\u00f3n para brindar un servicio de calidad a los ciudadanos.<\/p>\n<p>Este congreso sirvi\u00f3 como foro para la renovaci\u00f3n de la Mesa Directiva de la Asociaci\u00f3n Nacional de Defensor\u00edas P\u00fablicas de la Rep\u00fablica Mexicana A.C., que este a\u00f1o estar\u00e1 a cargo de la Defensor\u00eda P\u00fablica del Estado de Puebla.<\/p>\n<p>En su mensaje de despedida a los asistentes, Edgar Hugo Rojas Figueroa, director general del Instituto de Defensor\u00eda P\u00fablica del Estado de Michoac\u00e1n, destac\u00f3 la importancia de compartir experiencias y de la capacitaci\u00f3n continua de los juristas, ya que un bogado que se capacita a diario, es cada vez mejor.<\/p>\n<p>Por su parte, Mercedes Calder\u00f3n, directora del CREFAL, dio por clausurados los trabajos de esta XI edici\u00f3n del Congreso Nacional de Defensor\u00edas P\u00fablicas de la Rep\u00fablica Mexicana con un llamado a los asistentes a continuar con la calidad de su servicio ciudadano.<\/p>\n","protected":false},"excerpt":{"rendered":"<p>Del 13 al 15 de julio en este Pueblo M\u00e1gico se llev\u00f3 a cabo el XI Congreso Nacional de Defensor\u00edas P\u00fablicas de la Rep\u00fablica Mexicana, <\/p>\n","protected":false},"author":1,"featured_media":24717,"comment_status":"open","ping_status":"open","sticky":false,"template":"","format":"standard","meta":{"footnotes":""},"categories":[14,3],"tags":[],"class_list":["post-24716","post","type-post","status-publish","format-standard","has-post-thumbnail","hentry","category-destacadas","category-gobierno-del-estado-de-michoacan"],"_links":{"self":[{"href":"https:\/\/radiowebmx.com\/nota\/wp-json\/wp\/v2\/posts\/24716","targetHints":{"allow":["GET"]}}],"collection":[{"href":"https:\/\/radiowebmx.com\/nota\/wp-json\/wp\/v2\/posts"}],"about":[{"href":"https:\/\/radiowebmx.com\/nota\/wp-json\/wp\/v2\/types\/post"}],"author":[{"embeddable":true,"href":"https:\/\/radiowebmx.com\/nota\/wp-json\/wp\/v2\/users\/1"}],"replies":[{"embeddable":true,"href":"https:\/\/radiowebmx.com\/nota\/wp-json\/wp\/v2\/comments?post=24716"}],"version-history":[{"count":1,"href":"https:\/\/radiowebmx.com\/nota\/wp-json\/wp\/v2\/posts\/24716\/revisions"}],"predecessor-version":[{"id":24719,"href":"https:\/\/radiowebmx.com\/nota\/wp-json\/wp\/v2\/posts\/24716\/revisions\/24719"}],"wp:featuredmedia":[{"embeddable":true,"href":"https:\/\/radiowebmx.com\/nota\/wp-json\/wp\/v2\/media\/24717"}],"wp:attachment":[{"href":"https:\/\/radiowebmx.com\/nota\/wp-json\/wp\/v2\/media?parent=24716"}],"wp:term":[{"taxonomy":"category","embeddable":true,"href":"https:\/\/radiowebmx.com\/nota\/wp-json\/wp\/v2\/categories?post=24716"},{"taxonomy":"post_tag","embeddable":true,"href":"https:\/\/radiowebmx.com\/nota\/wp-json\/wp\/v2\/tags?post=24716"}],"curies":[{"name":"wp","href":"https:\/\/api.w.org\/{rel}","templated":true}]}}