{"id":24713,"date":"2016-07-18T12:58:05","date_gmt":"2016-07-18T17:58:05","guid":{"rendered":"https:\/\/radiowebmx.com\/nota\/?p=24713"},"modified":"2016-07-18T12:58:05","modified_gmt":"2016-07-18T17:58:05","slug":"plan-estrategico-de-desarrollo-urbano-transformara-a-lc-sedetum","status":"publish","type":"post","link":"https:\/\/radiowebmx.com\/nota\/plan-estrategico-de-desarrollo-urbano-transformara-a-lc-sedetum\/","title":{"rendered":"Plan Estrat\u00e9gico de Desarrollo Urbano transformar\u00e1 a LC: Sedetum"},"content":{"rendered":"<p><a href=\"https:\/\/radiowebmx.com\/nota\/wp-content\/uploads\/2016\/07\/f98f7213-0058-44d8-b5de-41edf2508a1c.jpg\"><img loading=\"lazy\" decoding=\"async\" class=\"alignleft size-full wp-image-24714\" src=\"https:\/\/radiowebmx.com\/nota\/wp-content\/uploads\/2016\/07\/f98f7213-0058-44d8-b5de-41edf2508a1c.jpg\" alt=\"f98f7213-0058-44d8-b5de-41edf2508a1c\" width=\"591\" height=\"341\" srcset=\"https:\/\/radiowebmx.com\/nota\/wp-content\/uploads\/2016\/07\/f98f7213-0058-44d8-b5de-41edf2508a1c.jpg 591w, https:\/\/radiowebmx.com\/nota\/wp-content\/uploads\/2016\/07\/f98f7213-0058-44d8-b5de-41edf2508a1c-300x173.jpg 300w\" sizes=\"auto, (max-width: 591px) 100vw, 591px\" \/><\/a>La Secretar\u00eda de Desarrollo Territorial, Urbano y Movilidad (Sedetum) trabaja para la implementaci\u00f3n de un proyecto de ciudad en L\u00e1zaro C\u00e1rdenas, con el objetivo de que la inversi\u00f3n y los beneficios del establecimiento de la Zona Econ\u00f3mica Especial (ZEE) sea vean reflejados en todo el municipio y la regi\u00f3n.<\/p>\n<p>Al respecto, el titular de la Sedetum,\u00a0Sergio Adem Argueta, destac\u00f3\u00a0que\u00a0el Banco Interamericano de Desarrollo realiza un an\u00e1lisis preliminar en el estado para apoyar el Plan Estrat\u00e9gico de Desarrollo, en el que debe ser tomada en cuenta la ciudad de L\u00e1zaro C\u00e1rdenas para que goce de los beneficios de este esquema de crecimiento.<\/p>\n<p>&#8220;El municipio de L\u00e1zaro C\u00e1rdenas tendr\u00e1 un Plan Estrat\u00e9gico de Desarrollo Urbano, con acciones concretas y bien aplicadas que transformen a\u00a0la ciudad. Tendr\u00e1 un impulso muy fuerte, y el recurso que llegue a la ZEE tambi\u00e9n lo tenemos que aprovechar para impactar en positivo a nivel global\u201d, afirm\u00f3\u00a0el funcionario estatal.<\/p>\n<p>Resalt\u00f3\u00a0que la econom\u00eda del puerto se ver\u00e1 favorecida y que los beneficios deber\u00e1n alcanzar a la zona urbana, pues para atraer mayores inversiones se debe contar con infraestructura moderna, que permita mostrar una ciudad totalmente equipada y que ofrezca calidad de vida a sus habitantes y a los visitantes.<\/p>\n<p>&#8220;Las Zonas Econ\u00f3micas Especiales de otros pa\u00edses del mundo tienen una ciudad con alta calidad de vida; por ello, tenemos que ver a\u00a0L\u00e1zaro C\u00e1rdenas con visi\u00f3n a corto, mediano y largo plazo. Nosotros estamos muy claros en que la ciudad de ser un complemento para el desarrollo\u201d, apunt\u00f3.<\/p>\n<p>Por \u00faltimo, el secretario indic\u00f3 que el trabajo para el impulso de L\u00e1zaro C\u00e1rdenas es un trabajo coordinado donde se involucran de manera activa\u00a0distintas dependencias federales, estatales y municipales; adem\u00e1s, resalt\u00f3 que es\u00a0una gran oportunidad para detonar positivamente a una de las zonas m\u00e1s productivas de Michoac\u00e1n.<\/p>\n","protected":false},"excerpt":{"rendered":"<p>La Sedetum trabaja para la implementaci\u00f3n de un proyecto de ciudad en L\u00e1zaro C\u00e1rdenas, con el objetivo de que la inversi\u00f3n y los beneficios del establecimiento de la ZEE sea vean reflejados en todo el municipio y la regi\u00f3n.<\/p>\n","protected":false},"author":1,"featured_media":24714,"comment_status":"open","ping_status":"open","sticky":false,"template":"","format":"standard","meta":{"footnotes":""},"categories":[14,3],"tags":[],"class_list":["post-24713","post","type-post","status-publish","format-standard","has-post-thumbnail","hentry","category-destacadas","category-gobierno-del-estado-de-michoacan"],"_links":{"self":[{"href":"https:\/\/radiowebmx.com\/nota\/wp-json\/wp\/v2\/posts\/24713","targetHints":{"allow":["GET"]}}],"collection":[{"href":"https:\/\/radiowebmx.com\/nota\/wp-json\/wp\/v2\/posts"}],"about":[{"href":"https:\/\/radiowebmx.com\/nota\/wp-json\/wp\/v2\/types\/post"}],"author":[{"embeddable":true,"href":"https:\/\/radiowebmx.com\/nota\/wp-json\/wp\/v2\/users\/1"}],"replies":[{"embeddable":true,"href":"https:\/\/radiowebmx.com\/nota\/wp-json\/wp\/v2\/comments?post=24713"}],"version-history":[{"count":1,"href":"https:\/\/radiowebmx.com\/nota\/wp-json\/wp\/v2\/posts\/24713\/revisions"}],"predecessor-version":[{"id":24715,"href":"https:\/\/radiowebmx.com\/nota\/wp-json\/wp\/v2\/posts\/24713\/revisions\/24715"}],"wp:featuredmedia":[{"embeddable":true,"href":"https:\/\/radiowebmx.com\/nota\/wp-json\/wp\/v2\/media\/24714"}],"wp:attachment":[{"href":"https:\/\/radiowebmx.com\/nota\/wp-json\/wp\/v2\/media?parent=24713"}],"wp:term":[{"taxonomy":"category","embeddable":true,"href":"https:\/\/radiowebmx.com\/nota\/wp-json\/wp\/v2\/categories?post=24713"},{"taxonomy":"post_tag","embeddable":true,"href":"https:\/\/radiowebmx.com\/nota\/wp-json\/wp\/v2\/tags?post=24713"}],"curies":[{"name":"wp","href":"https:\/\/api.w.org\/{rel}","templated":true}]}}