{"id":24710,"date":"2016-07-18T12:37:56","date_gmt":"2016-07-18T17:37:56","guid":{"rendered":"https:\/\/radiowebmx.com\/nota\/?p=24710"},"modified":"2016-07-18T12:37:56","modified_gmt":"2016-07-18T17:37:56","slug":"mantiene-silvano-aureoles-dialogo-con-profesores-en-regiones-del-estado","status":"publish","type":"post","link":"https:\/\/radiowebmx.com\/nota\/mantiene-silvano-aureoles-dialogo-con-profesores-en-regiones-del-estado\/","title":{"rendered":"Mantiene Silvano Aureoles di\u00e1logo con profesores en regiones del estado"},"content":{"rendered":"<p><a href=\"https:\/\/radiowebmx.com\/nota\/wp-content\/uploads\/2016\/07\/94859d52-9980-493c-83d4-be62c52307b2.jpg\"><img loading=\"lazy\" decoding=\"async\" class=\"alignleft size-full wp-image-24711\" src=\"https:\/\/radiowebmx.com\/nota\/wp-content\/uploads\/2016\/07\/94859d52-9980-493c-83d4-be62c52307b2.jpg\" alt=\"94859d52-9980-493c-83d4-be62c52307b2\" width=\"591\" height=\"357\" srcset=\"https:\/\/radiowebmx.com\/nota\/wp-content\/uploads\/2016\/07\/94859d52-9980-493c-83d4-be62c52307b2.jpg 591w, https:\/\/radiowebmx.com\/nota\/wp-content\/uploads\/2016\/07\/94859d52-9980-493c-83d4-be62c52307b2-300x181.jpg 300w\" sizes=\"auto, (max-width: 591px) 100vw, 591px\" \/><\/a>Durante sus giras de trabajo por los municipios de Nuevo Urecho y Taretan, el Gobernador Constitucional Silvano Aureoles Conejo, escuch\u00f3 a un grupo de profesoras y profesores de la Coordinadora Nacional de Trabajadores de la Educaci\u00f3n (CNTE), con quienes sostuvo un di\u00e1logo abierto y respetuoso.<\/p>\n<p>De nueva cuenta, Aureoles Conejo propuso realizar un an\u00e1lisis a las diversas demandas de los agremiados a la CNTE, entre las que destacan: revisar las condiciones de evaluaci\u00f3n, as\u00ed como de despidos y descuentos, adem\u00e1s de examinar su propuesta del modelo educativo.<\/p>\n<p>De igual manera, ante la insistencia de los docentes de echar abajo la reforma a la Ley de Educaci\u00f3n, dej\u00f3 en claro que \u00e9ste tema le concierne al Congreso de la Uni\u00f3n.<\/p>\n<p>Asimismo, el mandatario estatal inform\u00f3 que como muestra del compromiso que la administraci\u00f3n que encabeza, durante su Gobierno se han realizado m\u00e1s de 700 obras de infraestructura educativa, trabajos que traer\u00e1n resultados positivos para las y los estudiantes del estado.<\/p>\n<p>Silvano Aureoles pidi\u00f3 al grupo de maestros permitir al Gobierno del Estado realizar las actividades de trabajo, ya que dijo, en las diversas visitas que realiza a los municipios escucha y atiende las demandas de la ciudadan\u00eda en general.<\/p>\n","protected":false},"excerpt":{"rendered":"<p>Durante sus giras de trabajo por los municipios de Nuevo Urecho y Taretan, el Gobernador Constitucional Silvano Aureoles Conejo, escuch\u00f3 a un grupo de profesoras y profesores de la CNTE, con quienes sostuvo un di\u00e1logo abierto y respetuoso.<\/p>\n","protected":false},"author":1,"featured_media":24711,"comment_status":"open","ping_status":"open","sticky":false,"template":"","format":"standard","meta":{"footnotes":""},"categories":[14,3],"tags":[],"class_list":["post-24710","post","type-post","status-publish","format-standard","has-post-thumbnail","hentry","category-destacadas","category-gobierno-del-estado-de-michoacan"],"_links":{"self":[{"href":"https:\/\/radiowebmx.com\/nota\/wp-json\/wp\/v2\/posts\/24710","targetHints":{"allow":["GET"]}}],"collection":[{"href":"https:\/\/radiowebmx.com\/nota\/wp-json\/wp\/v2\/posts"}],"about":[{"href":"https:\/\/radiowebmx.com\/nota\/wp-json\/wp\/v2\/types\/post"}],"author":[{"embeddable":true,"href":"https:\/\/radiowebmx.com\/nota\/wp-json\/wp\/v2\/users\/1"}],"replies":[{"embeddable":true,"href":"https:\/\/radiowebmx.com\/nota\/wp-json\/wp\/v2\/comments?post=24710"}],"version-history":[{"count":1,"href":"https:\/\/radiowebmx.com\/nota\/wp-json\/wp\/v2\/posts\/24710\/revisions"}],"predecessor-version":[{"id":24712,"href":"https:\/\/radiowebmx.com\/nota\/wp-json\/wp\/v2\/posts\/24710\/revisions\/24712"}],"wp:featuredmedia":[{"embeddable":true,"href":"https:\/\/radiowebmx.com\/nota\/wp-json\/wp\/v2\/media\/24711"}],"wp:attachment":[{"href":"https:\/\/radiowebmx.com\/nota\/wp-json\/wp\/v2\/media?parent=24710"}],"wp:term":[{"taxonomy":"category","embeddable":true,"href":"https:\/\/radiowebmx.com\/nota\/wp-json\/wp\/v2\/categories?post=24710"},{"taxonomy":"post_tag","embeddable":true,"href":"https:\/\/radiowebmx.com\/nota\/wp-json\/wp\/v2\/tags?post=24710"}],"curies":[{"name":"wp","href":"https:\/\/api.w.org\/{rel}","templated":true}]}}