{"id":24705,"date":"2016-07-15T13:55:10","date_gmt":"2016-07-15T18:55:10","guid":{"rendered":"https:\/\/radiowebmx.com\/nota\/?p=24705"},"modified":"2016-07-15T13:55:10","modified_gmt":"2016-07-15T18:55:10","slug":"celebra-cedemun-presentacion-de-la-iniciativa-de-ley-organica-municipal","status":"publish","type":"post","link":"https:\/\/radiowebmx.com\/nota\/celebra-cedemun-presentacion-de-la-iniciativa-de-ley-organica-municipal\/","title":{"rendered":"Celebra Cedemun presentaci\u00f3n de la iniciativa de Ley Org\u00e1nica Municipal"},"content":{"rendered":"<p><a href=\"https:\/\/radiowebmx.com\/nota\/wp-content\/uploads\/2016\/07\/bfddc680-66d5-48b4-9236-3bb8fcaad7b0.jpg\"><img loading=\"lazy\" decoding=\"async\" class=\"alignleft size-full wp-image-24706\" src=\"https:\/\/radiowebmx.com\/nota\/wp-content\/uploads\/2016\/07\/bfddc680-66d5-48b4-9236-3bb8fcaad7b0.jpg\" alt=\"bfddc680-66d5-48b4-9236-3bb8fcaad7b0\" width=\"591\" height=\"332\" srcset=\"https:\/\/radiowebmx.com\/nota\/wp-content\/uploads\/2016\/07\/bfddc680-66d5-48b4-9236-3bb8fcaad7b0.jpg 591w, https:\/\/radiowebmx.com\/nota\/wp-content\/uploads\/2016\/07\/bfddc680-66d5-48b4-9236-3bb8fcaad7b0-300x169.jpg 300w, https:\/\/radiowebmx.com\/nota\/wp-content\/uploads\/2016\/07\/bfddc680-66d5-48b4-9236-3bb8fcaad7b0-128x72.jpg 128w\" sizes=\"auto, (max-width: 591px) 100vw, 591px\" \/><\/a>El vocal ejecutivo del Centro Estatal para el Desarrollo Municipal (Cedemun), Carlos Paredes Correa, celebr\u00f3 la presentaci\u00f3n ante el pleno del Congreso local de la iniciativa de Ley Org\u00e1nica Municipal.<\/p>\n<p>Destac\u00f3 que dicha iniciativa propone nuevas reglas de operaci\u00f3n, participaci\u00f3n y desempe\u00f1o de los ayuntamientos, la designaci\u00f3n del presidente municipal suplente, la regulaci\u00f3n del personal administrativo, la elecci\u00f3n de los jefes de tenencia, la trasparencia y rendici\u00f3n de cuentas, la regularizaci\u00f3n de salarios, los planes de desarrollo, la planeaci\u00f3n municipal, la protecci\u00f3n del medio ambiente, protecci\u00f3n civil, seguridad p\u00fablica, Mando \u00danico, l\u00edmites territoriales, uso y tratamiento del agua, por mencionar algunos.<\/p>\n<p>Resalt\u00f3 que la administraci\u00f3n que encabeza el Gobernador Silvano Aureoles Conejo tiene como prioridad generar un gobierno municipalista, por lo que a trav\u00e9s del Cedemun se coadyuv\u00f3 en la elaboraci\u00f3n de esta iniciativa, con la organizaci\u00f3n de cinco foros de Consulta Ciudadana en Apatzing\u00e1n, Zit\u00e1cuaro, Vista Hermosa, Uruapan y Morelia.<\/p>\n<p>En estos foros, record\u00f3, se recabaron opiniones de acad\u00e9micos, legisladores, funcionarios, ex funcionarios, organizaciones ind\u00edgenas, asociaciones civiles, empresarios y ciudadanos en general, teniendo una favorable respuesta.<\/p>\n","protected":false},"excerpt":{"rendered":"<p>El vocal ejecutivo del Cedemun, Carlos Paredes Correa, celebr\u00f3 la presentaci\u00f3n ante el pleno del Congreso local de la iniciativa de Ley Org\u00e1nica Municipal.<\/p>\n","protected":false},"author":1,"featured_media":24706,"comment_status":"open","ping_status":"open","sticky":false,"template":"","format":"standard","meta":{"footnotes":""},"categories":[14,3],"tags":[],"class_list":["post-24705","post","type-post","status-publish","format-standard","has-post-thumbnail","hentry","category-destacadas","category-gobierno-del-estado-de-michoacan"],"_links":{"self":[{"href":"https:\/\/radiowebmx.com\/nota\/wp-json\/wp\/v2\/posts\/24705","targetHints":{"allow":["GET"]}}],"collection":[{"href":"https:\/\/radiowebmx.com\/nota\/wp-json\/wp\/v2\/posts"}],"about":[{"href":"https:\/\/radiowebmx.com\/nota\/wp-json\/wp\/v2\/types\/post"}],"author":[{"embeddable":true,"href":"https:\/\/radiowebmx.com\/nota\/wp-json\/wp\/v2\/users\/1"}],"replies":[{"embeddable":true,"href":"https:\/\/radiowebmx.com\/nota\/wp-json\/wp\/v2\/comments?post=24705"}],"version-history":[{"count":1,"href":"https:\/\/radiowebmx.com\/nota\/wp-json\/wp\/v2\/posts\/24705\/revisions"}],"predecessor-version":[{"id":24707,"href":"https:\/\/radiowebmx.com\/nota\/wp-json\/wp\/v2\/posts\/24705\/revisions\/24707"}],"wp:featuredmedia":[{"embeddable":true,"href":"https:\/\/radiowebmx.com\/nota\/wp-json\/wp\/v2\/media\/24706"}],"wp:attachment":[{"href":"https:\/\/radiowebmx.com\/nota\/wp-json\/wp\/v2\/media?parent=24705"}],"wp:term":[{"taxonomy":"category","embeddable":true,"href":"https:\/\/radiowebmx.com\/nota\/wp-json\/wp\/v2\/categories?post=24705"},{"taxonomy":"post_tag","embeddable":true,"href":"https:\/\/radiowebmx.com\/nota\/wp-json\/wp\/v2\/tags?post=24705"}],"curies":[{"name":"wp","href":"https:\/\/api.w.org\/{rel}","templated":true}]}}