{"id":24674,"date":"2016-07-15T12:44:43","date_gmt":"2016-07-15T17:44:43","guid":{"rendered":"https:\/\/radiowebmx.com\/nota\/?p=24674"},"modified":"2016-07-15T12:44:43","modified_gmt":"2016-07-15T17:44:43","slug":"inicia-la-temporada-de-reforestacion-2016-en-michoacan","status":"publish","type":"post","link":"https:\/\/radiowebmx.com\/nota\/inicia-la-temporada-de-reforestacion-2016-en-michoacan\/","title":{"rendered":"Inicia la Temporada de Reforestaci\u00f3n 2016 en Michoac\u00e1n"},"content":{"rendered":"<figure id=\"attachment_24675\" aria-describedby=\"caption-attachment-24675\" style=\"width: 591px\" class=\"wp-caption alignleft\"><a href=\"https:\/\/radiowebmx.com\/nota\/wp-content\/uploads\/2016\/07\/d70da92e-3051-443f-8073-4c018d3e9eca-1.jpg\"><img loading=\"lazy\" decoding=\"async\" class=\"size-full wp-image-24675\" src=\"https:\/\/radiowebmx.com\/nota\/wp-content\/uploads\/2016\/07\/d70da92e-3051-443f-8073-4c018d3e9eca-1.jpg\" alt=\"SONY DSC\" width=\"591\" height=\"331\" srcset=\"https:\/\/radiowebmx.com\/nota\/wp-content\/uploads\/2016\/07\/d70da92e-3051-443f-8073-4c018d3e9eca-1.jpg 591w, https:\/\/radiowebmx.com\/nota\/wp-content\/uploads\/2016\/07\/d70da92e-3051-443f-8073-4c018d3e9eca-1-300x168.jpg 300w, https:\/\/radiowebmx.com\/nota\/wp-content\/uploads\/2016\/07\/d70da92e-3051-443f-8073-4c018d3e9eca-1-284x158.jpg 284w, https:\/\/radiowebmx.com\/nota\/wp-content\/uploads\/2016\/07\/d70da92e-3051-443f-8073-4c018d3e9eca-1-128x72.jpg 128w\" sizes=\"auto, (max-width: 591px) 100vw, 591px\" \/><\/a><figcaption id=\"caption-attachment-24675\" class=\"wp-caption-text\">SONY DSC<\/figcaption><\/figure>\n<p>Con la plantaci\u00f3n de 5 mil arbolitos en la localidad de La Maiza, en la capital michoacana, inici\u00f3 la Temporada Estatal de Reforestaci\u00f3n 2016, cuya meta es plantar alrededor de 25 milllones de arbolitos y atender las zonas deterioradas, degradadas o da\u00f1adas por los incendios forestales.<\/p>\n<p>Con la representaci\u00f3n del Gobernador del Estado, Silvano Aureoles Conejo, el director general de la Comisi\u00f3n Forestal del Estado de Michoac\u00e1n (Cofom), Roberto P\u00e9rez Medrano, encabez\u00f3 la actividad, que forma parte de los eventos conmemorativos del D\u00eda del \u00c1rbol.<\/p>\n<p>El funcionario estatal subray\u00f3 que en Michoac\u00e1n no se permitir\u00e1n trabajos de reforestaci\u00f3n infructuosos, por lo que se tendr\u00e1n evaluaciones peri\u00f3dicas para lograr que las plantas tengan los niveles de crecimiento requeridos.<\/p>\n<p>Coment\u00f3 que el D\u00eda del \u00c1rbol es un recordatorio de la importancia de proteger las superficies arboladas ante los m\u00faltiples beneficios que generan, como la transformaci\u00f3n del di\u00f3xido de carbono responsable del efecto invernadero en biomasa, minimizar los riesgos de inundaci\u00f3n, evitar la erosi\u00f3n y permitir la recarga de los mantos fri\u00e1ticos.<\/p>\n<p>Cabe destacar que la Temporada Estatal de Reforestaci\u00f3n 2016 contar\u00e1 con la participaci\u00f3n de autoridades de los tres \u00f3rdenes de gobierno, organizaciones sociales, ejidos, comunidades y ciudadanos en general.<\/p>\n<p>Al arranque de la Temporada Estatal de Reforestaci\u00f3n 2016 tambi\u00e9n asistieron el gerente estatal de la Comisi\u00f3n Nacional Forestal (Conafor), Osvaldo Fern\u00e1ndez Orozco; el delegado de la Secretar\u00eda de\u00a0Medio Ambiente y Recursos Naturales\u00a0(Semarnat) en la entidad, Mauro Ram\u00f3n Ballesteros Figueroa; la delegada de la Procuradur\u00eda Federal de Protecci\u00f3n al Ambiente (PROFEPA) en el estado, Tal\u00eda Coria Mendoza; el procurador de Protecci\u00f3n al Medio Ambiente, Juan Carlos Vega Sol\u00f3rzano y el subsecretario de la\u00a0Secretar\u00eda de Medio Ambiente, Recursos Naturales y Cambio Clim\u00e1tico\u00a0(Semarnacc), Iv\u00e1n Madero Naranjo.<\/p>\n","protected":false},"excerpt":{"rendered":"<p>Con la plantaci\u00f3n de 5 mil arbolitos en la localidad de La Maiza, en la capital michoacana, inici\u00f3 la Temporada Estatal de Reforestaci\u00f3n 2016, cuya meta es plantar alrededor de 25 milllones de arbolitos y atender las zonas deterioradas, <\/p>\n","protected":false},"author":1,"featured_media":24675,"comment_status":"open","ping_status":"open","sticky":false,"template":"","format":"standard","meta":{"footnotes":""},"categories":[14,3],"tags":[],"class_list":["post-24674","post","type-post","status-publish","format-standard","has-post-thumbnail","hentry","category-destacadas","category-gobierno-del-estado-de-michoacan"],"_links":{"self":[{"href":"https:\/\/radiowebmx.com\/nota\/wp-json\/wp\/v2\/posts\/24674","targetHints":{"allow":["GET"]}}],"collection":[{"href":"https:\/\/radiowebmx.com\/nota\/wp-json\/wp\/v2\/posts"}],"about":[{"href":"https:\/\/radiowebmx.com\/nota\/wp-json\/wp\/v2\/types\/post"}],"author":[{"embeddable":true,"href":"https:\/\/radiowebmx.com\/nota\/wp-json\/wp\/v2\/users\/1"}],"replies":[{"embeddable":true,"href":"https:\/\/radiowebmx.com\/nota\/wp-json\/wp\/v2\/comments?post=24674"}],"version-history":[{"count":1,"href":"https:\/\/radiowebmx.com\/nota\/wp-json\/wp\/v2\/posts\/24674\/revisions"}],"predecessor-version":[{"id":24676,"href":"https:\/\/radiowebmx.com\/nota\/wp-json\/wp\/v2\/posts\/24674\/revisions\/24676"}],"wp:featuredmedia":[{"embeddable":true,"href":"https:\/\/radiowebmx.com\/nota\/wp-json\/wp\/v2\/media\/24675"}],"wp:attachment":[{"href":"https:\/\/radiowebmx.com\/nota\/wp-json\/wp\/v2\/media?parent=24674"}],"wp:term":[{"taxonomy":"category","embeddable":true,"href":"https:\/\/radiowebmx.com\/nota\/wp-json\/wp\/v2\/categories?post=24674"},{"taxonomy":"post_tag","embeddable":true,"href":"https:\/\/radiowebmx.com\/nota\/wp-json\/wp\/v2\/tags?post=24674"}],"curies":[{"name":"wp","href":"https:\/\/api.w.org\/{rel}","templated":true}]}}