{"id":24661,"date":"2016-07-14T14:52:39","date_gmt":"2016-07-14T19:52:39","guid":{"rendered":"https:\/\/radiowebmx.com\/nota\/?p=24661"},"modified":"2016-07-14T14:52:39","modified_gmt":"2016-07-14T19:52:39","slug":"arranca-el-programa-ciencia-y-cultura-en-orbita-esta-en-ti","status":"publish","type":"post","link":"https:\/\/radiowebmx.com\/nota\/arranca-el-programa-ciencia-y-cultura-en-orbita-esta-en-ti\/","title":{"rendered":"Arranca el programa Ciencia y Cultura en \u00d3rbita, Est\u00e1 en Ti"},"content":{"rendered":"<p><a href=\"https:\/\/radiowebmx.com\/nota\/wp-content\/uploads\/2016\/07\/e1cb9221-2b16-40d4-8cac-b2c1a4cd9b20.jpg\"><img loading=\"lazy\" decoding=\"async\" class=\"alignleft size-full wp-image-24662\" src=\"https:\/\/radiowebmx.com\/nota\/wp-content\/uploads\/2016\/07\/e1cb9221-2b16-40d4-8cac-b2c1a4cd9b20.jpg\" alt=\"e1cb9221-2b16-40d4-8cac-b2c1a4cd9b20\" width=\"591\" height=\"294\" srcset=\"https:\/\/radiowebmx.com\/nota\/wp-content\/uploads\/2016\/07\/e1cb9221-2b16-40d4-8cac-b2c1a4cd9b20.jpg 591w, https:\/\/radiowebmx.com\/nota\/wp-content\/uploads\/2016\/07\/e1cb9221-2b16-40d4-8cac-b2c1a4cd9b20-300x149.jpg 300w\" sizes=\"auto, (max-width: 591px) 100vw, 591px\" \/><\/a>Con el objetivo de promover la apropiaci\u00f3n social de la ciencia y la cultura entre ni\u00f1os, j\u00f3venes, padres de familia y poblaci\u00f3n en situaci\u00f3n vulnerable, arranc\u00f3 el programa Ciencia y Cultura en \u00d3rbita, Est\u00e1 en Ti, implementado de manera conjunta por las secretar\u00edas de Cultura (Secum) y de Innovaci\u00f3n, Ciencia y Desarrollo Tecnol\u00f3gico (SICDET), con la colaboraci\u00f3n del Ayuntamiento de Morelia.<\/p>\n<p>La tarde del mi\u00e9rcoles en la plaza c\u00edvica Rey Nezahualc\u00f3yotl, en Santa Mar\u00eda de Guido, arranc\u00f3 este ambicioso programa que durante los pr\u00f3ximos meses visitar\u00e1 las tenencias y colonias de la capital michoacana.<\/p>\n<p>Al arranque del programa asisti\u00f3 Jos\u00e9 Hern\u00e1ndez Moreno, astronauta de origen michoacano que form\u00f3 parte de importantes proyectos de la NASA y se convirti\u00f3 en el primer hispanoamericano elegido para viajar al espacio en 2009.<\/p>\n<p>Adem\u00e1s, se instal\u00f3 el Domo Digital Burbuciencia, as\u00ed como el Remolque Digital, una plataforma rodante que cuenta con 10 computadoras cargadas con juegos did\u00e1cticos, material audiovisual y otros contenidos l\u00fadicos para la ense\u00f1anza de las ciencias. Adem\u00e1s, el Planetario M\u00f3vil del Planetario de Morelia \u201cLic. Felipe Rivera\u201d present\u00f3 telescopios para observaci\u00f3n astron\u00f3mica.<\/p>\n<p>Sumado a lo anterior, se present\u00f3 la Feria de la Ciencia y la Cultura con 20 talleres demostrativos, experimentales y culturales impartidos por estudiantes y profesores de la Universidad Michoacana de San Nicol\u00e1s de Hidalgo y colaboradores de la Secum.<\/p>\n<p>Los asistentes disfrutaron de presentaciones art\u00edsticas, como la ofrecida por el Ballet Folkl\u00f3rico de Michoac\u00e1n, Leyendas de Michoac\u00e1n relatadas por \u00c1urea Rico en una presentaci\u00f3n esc\u00e9nica de cuenta-cuentos, as\u00ed como m\u00fasica tradicional mexicana y michoacana con la voz de Roc\u00edo Vega y una proyecci\u00f3n de videos art\u00edsticos y de animaci\u00f3n experimental realizados por j\u00f3venes especialistas en arte y nuevas tecnolog\u00edas.<\/p>\n<p>Se realiz\u00f3 tambi\u00e9n un taller de reciclaje y se obsequiaron 200 libros editados por la Secum;\u00a0tambi\u00e9n fue posible disfrutar de una exposici\u00f3n de pinturas realizadas por artistas de la Asociaci\u00f3n Michoacana de Acuarelistas A.C.<\/p>\n<p>El titular de la Secum, Salvador Ginori destac\u00f3 que la ciencia provee conocimientos, herramientas y medios para las diversas manifestaciones culturales y que la experimentaci\u00f3n l\u00fadica de ambas fomentan el desarrollo de las comunidades, adem\u00e1s de que la promoci\u00f3n conjunta de ciencia y cultura es estrat\u00e9gica para la prevenci\u00f3n del delito.<\/p>\n<p>A su vez, el titular de la\u00a0SICDET, Jos\u00e9 Luis Monta\u00f1ez, resalt\u00f3 la importancia del trabajo coordinado entre dependencias e instituciones de los tres \u00f3rdenes de gobierno en la b\u00fasqueda de enriquecer actividades tendientes a incrementar la cultura cient\u00edfica de la poblaci\u00f3n.<\/p>\n<p>Adem\u00e1s, el funcionario estatal dio a conocer que el programa Ciencia y Cultura en \u00d3rbita, Est\u00e1 en Ti,\u00a0forma parte de una estrategia que se extender\u00e1 a las 10 regiones de la entidad.<\/p>\n","protected":false},"excerpt":{"rendered":"<p>Con el objetivo de promover la apropiaci\u00f3n social de la ciencia y la cultura entre ni\u00f1os, j\u00f3venes, padres de familia y poblaci\u00f3n en situaci\u00f3n vulnerable, arranc\u00f3 el programa Ciencia y Cultura en \u00d3rbita, Est\u00e1 en Ti,<\/p>\n","protected":false},"author":1,"featured_media":24662,"comment_status":"open","ping_status":"open","sticky":false,"template":"","format":"standard","meta":{"footnotes":""},"categories":[14,3],"tags":[],"class_list":["post-24661","post","type-post","status-publish","format-standard","has-post-thumbnail","hentry","category-destacadas","category-gobierno-del-estado-de-michoacan"],"_links":{"self":[{"href":"https:\/\/radiowebmx.com\/nota\/wp-json\/wp\/v2\/posts\/24661","targetHints":{"allow":["GET"]}}],"collection":[{"href":"https:\/\/radiowebmx.com\/nota\/wp-json\/wp\/v2\/posts"}],"about":[{"href":"https:\/\/radiowebmx.com\/nota\/wp-json\/wp\/v2\/types\/post"}],"author":[{"embeddable":true,"href":"https:\/\/radiowebmx.com\/nota\/wp-json\/wp\/v2\/users\/1"}],"replies":[{"embeddable":true,"href":"https:\/\/radiowebmx.com\/nota\/wp-json\/wp\/v2\/comments?post=24661"}],"version-history":[{"count":1,"href":"https:\/\/radiowebmx.com\/nota\/wp-json\/wp\/v2\/posts\/24661\/revisions"}],"predecessor-version":[{"id":24663,"href":"https:\/\/radiowebmx.com\/nota\/wp-json\/wp\/v2\/posts\/24661\/revisions\/24663"}],"wp:featuredmedia":[{"embeddable":true,"href":"https:\/\/radiowebmx.com\/nota\/wp-json\/wp\/v2\/media\/24662"}],"wp:attachment":[{"href":"https:\/\/radiowebmx.com\/nota\/wp-json\/wp\/v2\/media?parent=24661"}],"wp:term":[{"taxonomy":"category","embeddable":true,"href":"https:\/\/radiowebmx.com\/nota\/wp-json\/wp\/v2\/categories?post=24661"},{"taxonomy":"post_tag","embeddable":true,"href":"https:\/\/radiowebmx.com\/nota\/wp-json\/wp\/v2\/tags?post=24661"}],"curies":[{"name":"wp","href":"https:\/\/api.w.org\/{rel}","templated":true}]}}