{"id":24648,"date":"2016-07-14T14:36:12","date_gmt":"2016-07-14T19:36:12","guid":{"rendered":"https:\/\/radiowebmx.com\/nota\/?p=24648"},"modified":"2016-07-14T14:36:12","modified_gmt":"2016-07-14T19:36:12","slug":"se-fortalece-el-proceso-de-ensenanza-aprendizaje-en-el-telebachillerato","status":"publish","type":"post","link":"https:\/\/radiowebmx.com\/nota\/se-fortalece-el-proceso-de-ensenanza-aprendizaje-en-el-telebachillerato\/","title":{"rendered":"Se fortalece el proceso de ense\u00f1anza-aprendizaje en el Telebachillerato"},"content":{"rendered":"<p><a href=\"https:\/\/radiowebmx.com\/nota\/wp-content\/uploads\/2016\/07\/4932830b-6164-4f5f-aed7-150285fdf399.jpg\"><img loading=\"lazy\" decoding=\"async\" class=\"alignleft size-full wp-image-24649\" src=\"https:\/\/radiowebmx.com\/nota\/wp-content\/uploads\/2016\/07\/4932830b-6164-4f5f-aed7-150285fdf399.jpg\" alt=\"4932830b-6164-4f5f-aed7-150285fdf399\" width=\"591\" height=\"266\" srcset=\"https:\/\/radiowebmx.com\/nota\/wp-content\/uploads\/2016\/07\/4932830b-6164-4f5f-aed7-150285fdf399.jpg 591w, https:\/\/radiowebmx.com\/nota\/wp-content\/uploads\/2016\/07\/4932830b-6164-4f5f-aed7-150285fdf399-300x135.jpg 300w\" sizes=\"auto, (max-width: 591px) 100vw, 591px\" \/><\/a>En cumplimiento a las instrucciones del Gobernador Silvano Aureoles Conejo, el cuerpo acad\u00e9mico del Telebachillerato Michoac\u00e1n inici\u00f3 el proceso de capacitaci\u00f3n, planeaci\u00f3n y evaluaci\u00f3n educativa para fortalecer el proceso de ense\u00f1anza-aprendizaje entre docente y alumno.<\/p>\n<p>El director del subsistema, Francisco Mora Cipr\u00e9s, asegur\u00f3 que esta capacitaci\u00f3n se imparte con la finalidad de lograr la excelencia en los resultados en el \u00e1mbito educativo de los estudiantes de nivel medio superior inscritos en Telebachillerato.<\/p>\n<p>Detall\u00f3 que dichas actividades para desarrollar mejor la impartici\u00f3n de c\u00e1tedra de los docentes se realizan en una primera etapa en las zonas de M\u00fagica, Zit\u00e1cuaro, Panind\u00edcuaro, Uruapan, Morelia 1 y 2, Apatzing\u00e1n, Huetamo, Zamora y L\u00e1zaro C\u00e1rdenas.<\/p>\n<p>Mora Cipr\u00e9s se\u00f1al\u00f3 que a trav\u00e9s de la capacitaci\u00f3n se podr\u00e1 elevar la calidad educativa para ni\u00f1os y j\u00f3venes, y que sea en las aulas donde ellos puedan encontrar el ejemplo y el camino hacia mejores oportunidades de vida, lo que redundar\u00e1 en beneficios para todos los michoacanos.<\/p>\n<p>Por \u00faltimo, destac\u00f3 el compromiso pleno de la administraci\u00f3n que encabeza el Gobernador Silvano Aureoles Conejo para que los maestros del Telebachillerato Michoac\u00e1n sean capacitados y logren llegar al nuevo ciclo escolar con mayores conocimientos y un programa acad\u00e9mico de calidad y pertinencia para los estudiantes de educaci\u00f3n media superior matriculados en el subsistema.<\/p>\n","protected":false},"excerpt":{"rendered":"<p>En cumplimiento a las instrucciones del Gobernador Silvano Aureoles Conejo, el cuerpo acad\u00e9mico del Telebachillerato Michoac\u00e1n inici\u00f3 el proceso de capacitaci\u00f3n,<\/p>\n","protected":false},"author":1,"featured_media":24649,"comment_status":"open","ping_status":"open","sticky":false,"template":"","format":"standard","meta":{"footnotes":""},"categories":[14,3],"tags":[],"class_list":["post-24648","post","type-post","status-publish","format-standard","has-post-thumbnail","hentry","category-destacadas","category-gobierno-del-estado-de-michoacan"],"_links":{"self":[{"href":"https:\/\/radiowebmx.com\/nota\/wp-json\/wp\/v2\/posts\/24648","targetHints":{"allow":["GET"]}}],"collection":[{"href":"https:\/\/radiowebmx.com\/nota\/wp-json\/wp\/v2\/posts"}],"about":[{"href":"https:\/\/radiowebmx.com\/nota\/wp-json\/wp\/v2\/types\/post"}],"author":[{"embeddable":true,"href":"https:\/\/radiowebmx.com\/nota\/wp-json\/wp\/v2\/users\/1"}],"replies":[{"embeddable":true,"href":"https:\/\/radiowebmx.com\/nota\/wp-json\/wp\/v2\/comments?post=24648"}],"version-history":[{"count":1,"href":"https:\/\/radiowebmx.com\/nota\/wp-json\/wp\/v2\/posts\/24648\/revisions"}],"predecessor-version":[{"id":24650,"href":"https:\/\/radiowebmx.com\/nota\/wp-json\/wp\/v2\/posts\/24648\/revisions\/24650"}],"wp:featuredmedia":[{"embeddable":true,"href":"https:\/\/radiowebmx.com\/nota\/wp-json\/wp\/v2\/media\/24649"}],"wp:attachment":[{"href":"https:\/\/radiowebmx.com\/nota\/wp-json\/wp\/v2\/media?parent=24648"}],"wp:term":[{"taxonomy":"category","embeddable":true,"href":"https:\/\/radiowebmx.com\/nota\/wp-json\/wp\/v2\/categories?post=24648"},{"taxonomy":"post_tag","embeddable":true,"href":"https:\/\/radiowebmx.com\/nota\/wp-json\/wp\/v2\/tags?post=24648"}],"curies":[{"name":"wp","href":"https:\/\/api.w.org\/{rel}","templated":true}]}}