{"id":24612,"date":"2016-07-13T11:53:49","date_gmt":"2016-07-13T16:53:49","guid":{"rendered":"https:\/\/radiowebmx.com\/nota\/?p=24612"},"modified":"2016-07-13T11:53:49","modified_gmt":"2016-07-13T16:53:49","slug":"sicdet-y-cecytem-establecen-alianza-estrategica","status":"publish","type":"post","link":"https:\/\/radiowebmx.com\/nota\/sicdet-y-cecytem-establecen-alianza-estrategica\/","title":{"rendered":"Sicdet y CECyTEM establecen alianza estrat\u00e9gica"},"content":{"rendered":"<p><a href=\"https:\/\/radiowebmx.com\/nota\/wp-content\/uploads\/2016\/07\/2b83be74-ab17-44a0-823f-6ec2f332192c.jpg\"><img loading=\"lazy\" decoding=\"async\" class=\"alignleft size-full wp-image-24613\" src=\"https:\/\/radiowebmx.com\/nota\/wp-content\/uploads\/2016\/07\/2b83be74-ab17-44a0-823f-6ec2f332192c.jpg\" alt=\"2b83be74-ab17-44a0-823f-6ec2f332192c\" width=\"591\" height=\"318\" srcset=\"https:\/\/radiowebmx.com\/nota\/wp-content\/uploads\/2016\/07\/2b83be74-ab17-44a0-823f-6ec2f332192c.jpg 591w, https:\/\/radiowebmx.com\/nota\/wp-content\/uploads\/2016\/07\/2b83be74-ab17-44a0-823f-6ec2f332192c-300x161.jpg 300w\" sizes=\"auto, (max-width: 591px) 100vw, 591px\" \/><\/a>Con la finalidad de establecer una alianza estrat\u00e9gica interinstitucional basada en la cooperaci\u00f3n, reciprocidad y corresponsabilidad, este martes fue firmado un convenio de colaboraci\u00f3n entre el Colegio de Estudios Cient\u00edficos y Tecnol\u00f3gicos del Estado de Michoac\u00e1n (CECyTEM) y la Secretar\u00eda de Innovaci\u00f3n, Ciencia y Desarrollo Tecnol\u00f3gico (Sicdet).<\/p>\n<p>El objetivo del convenio es facilitar el desarrollo y operaci\u00f3n conjunta de programas, proyectos y acciones a favor del sector de innovaci\u00f3n, ciencia y desarrollo tecnol\u00f3gico, as\u00ed como de los estudiantes, acad\u00e9micos y personal administrativo del CECyTEM, en la b\u00fasqueda de impulsar aquellas \u00e1reas que por la naturaleza de ambas instancias puedan concurrir.<\/p>\n<p>Durante la firma de convenio la directora general del CECyTEM, Mar\u00eda del Carmen Escobedo P\u00e9rez, destac\u00f3 la importancia de conjugar recursos humanos y t\u00e9cnicos para facilitar la concurrencia en la planeaci\u00f3n estatal en materia de ciencia, tecnolog\u00eda, innovaci\u00f3n y divulgaci\u00f3n, as\u00ed como la ejecuci\u00f3n de programas y proyectos con la finalidad de mejorar los mecanismos y pol\u00edticas para promocionar la actividad cient\u00edfica y tecnol\u00f3gica y de innovaci\u00f3n en el estado de Michoac\u00e1n.<\/p>\n<p>Por su parte, el titular de la Sicdet, Jos\u00e9 Luis Monta\u00f1ez, reconoci\u00f3 el trabajo que ha venido realizando el CECyTEM con sus alumnos, a quienes forma en los principios cient\u00edficos y tecnol\u00f3gicos con un alto sentido de compromiso social, lo que se traduce en el fomento de las vocaciones en estas \u00e1reas y el aporte al desarrollo de soluciones concretas a los problemas de la entidad.<\/p>\n<p>En este sentido, Escobedo P\u00e9rez destac\u00f3 que en el CECyTEM \u201ccontamos con alumnas y alumnos muy valiosos a quienes debemos apoyar para que contin\u00faen desarrollando sus prototipos, innovaciones y creaciones tecnol\u00f3gicas y cient\u00edficas, dotarles de las herramientas necesarias y encauzarlos por el camino de la investigaci\u00f3n\u201d.<\/p>\n<p>\u201cEstamos muy contentos porque a partir de hoy nuestro personal docente, administrativo y sobre todo nuestros alumnos contaran con el respaldo de la Secretar\u00eda de Innovaci\u00f3n, Ciencia y Desarrollo Tecnol\u00f3gico para que por medio de sus programas tengamos acceso a m\u00e1s apoyo para la ciencia y tecnolog\u00eda\u201d, enfatiz\u00f3 Carmen Escobedo.<\/p>\n<p>Cabe mencionar que a la firma del convenio asistieron Irene Elizabeth Heredia Mart\u00ednez y Jos\u00e9 Alfonso Mu\u00f1oz, alumnos del CECyTEM que ganaron del primer lugar nacional de Creatividad Tecnol\u00f3gica 2016 y la acreditaci\u00f3n para participar en el Foro Internacional de Ciencias e Ingenier\u00eda, a realizarse en Santiago de Chile en agosto pr\u00f3ximo, as\u00ed como Salvador Pulido Ayala y Jos\u00e9 Manuel Pulido Ayala, ganadores del tercer lugar nacional en Creatividad Tecnol\u00f3gica 2016 y quienes tambi\u00e9n ganaron la acreditaci\u00f3n para participar en el evento de MOSTRATEC, a realizarse en Brasil en octubre de 2016.<\/p>\n<p>Asimismo, asistieron los alumnos Israel Flores Montufar, Jorge M\u00e9ndez Blanco y Francisco Javier Castillo Guill\u00e9n, quienes participar\u00e1n en el XXII Ciencia Joven, a realizarse en Brasil en el mes de noviembre de 2016, as\u00ed como Jes\u00fas N\u00fa\u00f1ez Villanueva, Karla Guadalupe Rodr\u00edguez Gonz\u00e1lez y David Brian Alcaraz Espinoza, quienes ganaron su acreditaci\u00f3n para participar en INFOMATRIX SUDAM\u00c9RICA, a realizarse en Bogot\u00e1, Colombia, el pr\u00f3ximo octubre.<\/p>\n","protected":false},"excerpt":{"rendered":"<p>Con la finalidad de establecer una alianza estrat\u00e9gica interinstitucional basada en la cooperaci\u00f3n, reciprocidad y corresponsabilidad, este martes fue firmado un convenio de colaboraci\u00f3n entre el CECyTEM y la Sicdet.<\/p>\n","protected":false},"author":1,"featured_media":24613,"comment_status":"open","ping_status":"open","sticky":false,"template":"","format":"standard","meta":{"footnotes":""},"categories":[14,3],"tags":[],"class_list":["post-24612","post","type-post","status-publish","format-standard","has-post-thumbnail","hentry","category-destacadas","category-gobierno-del-estado-de-michoacan"],"_links":{"self":[{"href":"https:\/\/radiowebmx.com\/nota\/wp-json\/wp\/v2\/posts\/24612","targetHints":{"allow":["GET"]}}],"collection":[{"href":"https:\/\/radiowebmx.com\/nota\/wp-json\/wp\/v2\/posts"}],"about":[{"href":"https:\/\/radiowebmx.com\/nota\/wp-json\/wp\/v2\/types\/post"}],"author":[{"embeddable":true,"href":"https:\/\/radiowebmx.com\/nota\/wp-json\/wp\/v2\/users\/1"}],"replies":[{"embeddable":true,"href":"https:\/\/radiowebmx.com\/nota\/wp-json\/wp\/v2\/comments?post=24612"}],"version-history":[{"count":1,"href":"https:\/\/radiowebmx.com\/nota\/wp-json\/wp\/v2\/posts\/24612\/revisions"}],"predecessor-version":[{"id":24614,"href":"https:\/\/radiowebmx.com\/nota\/wp-json\/wp\/v2\/posts\/24612\/revisions\/24614"}],"wp:featuredmedia":[{"embeddable":true,"href":"https:\/\/radiowebmx.com\/nota\/wp-json\/wp\/v2\/media\/24613"}],"wp:attachment":[{"href":"https:\/\/radiowebmx.com\/nota\/wp-json\/wp\/v2\/media?parent=24612"}],"wp:term":[{"taxonomy":"category","embeddable":true,"href":"https:\/\/radiowebmx.com\/nota\/wp-json\/wp\/v2\/categories?post=24612"},{"taxonomy":"post_tag","embeddable":true,"href":"https:\/\/radiowebmx.com\/nota\/wp-json\/wp\/v2\/tags?post=24612"}],"curies":[{"name":"wp","href":"https:\/\/api.w.org\/{rel}","templated":true}]}}