{"id":24609,"date":"2016-07-13T11:47:46","date_gmt":"2016-07-13T16:47:46","guid":{"rendered":"https:\/\/radiowebmx.com\/nota\/?p=24609"},"modified":"2016-07-13T11:47:46","modified_gmt":"2016-07-13T16:47:46","slug":"codecom-se-suma-al-trabajo-del-ayuntamiento-de-lc-para-hacer-realidad-la-zee","status":"publish","type":"post","link":"https:\/\/radiowebmx.com\/nota\/codecom-se-suma-al-trabajo-del-ayuntamiento-de-lc-para-hacer-realidad-la-zee\/","title":{"rendered":"Codecom se suma al trabajo del Ayuntamiento de LC para hacer realidad la ZEE"},"content":{"rendered":"<p><a href=\"https:\/\/radiowebmx.com\/nota\/wp-content\/uploads\/2016\/07\/4c450b17-24e1-425c-b460-28b17e98dd96.jpg\"><img loading=\"lazy\" decoding=\"async\" class=\"alignleft size-full wp-image-24610\" src=\"https:\/\/radiowebmx.com\/nota\/wp-content\/uploads\/2016\/07\/4c450b17-24e1-425c-b460-28b17e98dd96.jpg\" alt=\"4c450b17-24e1-425c-b460-28b17e98dd96\" width=\"591\" height=\"265\" srcset=\"https:\/\/radiowebmx.com\/nota\/wp-content\/uploads\/2016\/07\/4c450b17-24e1-425c-b460-28b17e98dd96.jpg 591w, https:\/\/radiowebmx.com\/nota\/wp-content\/uploads\/2016\/07\/4c450b17-24e1-425c-b460-28b17e98dd96-300x135.jpg 300w\" sizes=\"auto, (max-width: 591px) 100vw, 591px\" \/><\/a>La directora general de la Comisi\u00f3n para el Desarrollo Sostenible de la Costa Michoacana (Codecom), Patricia Flores Anguiano, exhort\u00f3 a los integrantes del ayuntamiento de este municipio a mantenerse atentos y no quitar el dedo del rengl\u00f3n para que sea una realidad la Zona Econ\u00f3mica Especial (ZEE), para que los habitantes cuenten con una de las ciudades con mayor inversi\u00f3n y calidad de vida.<\/p>\n<p>En reuni\u00f3n de trabajo realizada este ma\u00f1ana,\u00a0la titular de la Codecom explic\u00f3 a los funcionarios municipales en qu\u00e9 consiste el proyecto de la ZEE en L\u00e1zaro C\u00e1rdenas, as\u00ed como el programa de desarrollo en la ciudad, con el objetivo de que est\u00e9n atentos a los procedimientos que deber\u00e1 realizar el Cabildo.<\/p>\n<p>En este sentido, detall\u00f3 que el Ayuntamiento debe firmar una Carta de Intenci\u00f3n para que sea analizada y dictaminada por la Secretar\u00eda de Hacienda y Cr\u00e9dito P\u00fablico, a fin de que el Presidente de la Rep\u00fablica emita el decreto correspondiente.<\/p>\n<p>Flores Anguiano resalt\u00f3 que se trabaja en la elaboraci\u00f3n del Plan de Inversi\u00f3n y Programa de Desarrollo, as\u00ed como en el An\u00e1lisis de Impacto Ambiental, para darle otro rostro al municipio y est\u00e9 a la altura de un puerto internacional, ya que tanto los que viven como los que trabajan aqu\u00ed merecen mejores condiciones de vida y mejor infraestructura p\u00fablica.<\/p>\n<p>Indic\u00f3 que a mediano plazo se estima que L\u00e1zaro C\u00e1rdenas eleve su nivel competitivo a nivel mundial por el puerto mar\u00edtimo que tiene y en el que se analizan diversos proyectos de inversi\u00f3n productiva e infraestructura, lo que lo posicionar\u00e1 a\u00fan m\u00e1s como destino de inversiones extranjeras.<\/p>\n<p>Por \u00faltimo, la titular de la Codecom se\u00f1al\u00f3 que el Ayuntamiento tiene que hacer su propuesta en t\u00e9rminos de lo que ofrece a los inversionistas para que estos vean al puerto como una opci\u00f3n de invertir. Adem\u00e1s, los gobiernos estatal y municipal tienen que hacer su paquete de propuestas econ\u00f3mica, fiscal y administrativa, de tal manera que puedan ser una oferta atractiva respecto a los estados y municipios de otras ZEE del pa\u00eds.<\/p>\n","protected":false},"excerpt":{"rendered":"<p>La directora general de la Codecom, Patricia Flores Anguiano, exhort\u00f3 a los integrantes del ayuntamiento de este municipio a mantenerse atentos y no quitar el dedo del rengl\u00f3n para que sea una realidad la ZEE, <\/p>\n","protected":false},"author":1,"featured_media":24610,"comment_status":"open","ping_status":"open","sticky":false,"template":"","format":"standard","meta":{"footnotes":""},"categories":[14,3],"tags":[],"class_list":["post-24609","post","type-post","status-publish","format-standard","has-post-thumbnail","hentry","category-destacadas","category-gobierno-del-estado-de-michoacan"],"_links":{"self":[{"href":"https:\/\/radiowebmx.com\/nota\/wp-json\/wp\/v2\/posts\/24609","targetHints":{"allow":["GET"]}}],"collection":[{"href":"https:\/\/radiowebmx.com\/nota\/wp-json\/wp\/v2\/posts"}],"about":[{"href":"https:\/\/radiowebmx.com\/nota\/wp-json\/wp\/v2\/types\/post"}],"author":[{"embeddable":true,"href":"https:\/\/radiowebmx.com\/nota\/wp-json\/wp\/v2\/users\/1"}],"replies":[{"embeddable":true,"href":"https:\/\/radiowebmx.com\/nota\/wp-json\/wp\/v2\/comments?post=24609"}],"version-history":[{"count":1,"href":"https:\/\/radiowebmx.com\/nota\/wp-json\/wp\/v2\/posts\/24609\/revisions"}],"predecessor-version":[{"id":24611,"href":"https:\/\/radiowebmx.com\/nota\/wp-json\/wp\/v2\/posts\/24609\/revisions\/24611"}],"wp:featuredmedia":[{"embeddable":true,"href":"https:\/\/radiowebmx.com\/nota\/wp-json\/wp\/v2\/media\/24610"}],"wp:attachment":[{"href":"https:\/\/radiowebmx.com\/nota\/wp-json\/wp\/v2\/media?parent=24609"}],"wp:term":[{"taxonomy":"category","embeddable":true,"href":"https:\/\/radiowebmx.com\/nota\/wp-json\/wp\/v2\/categories?post=24609"},{"taxonomy":"post_tag","embeddable":true,"href":"https:\/\/radiowebmx.com\/nota\/wp-json\/wp\/v2\/tags?post=24609"}],"curies":[{"name":"wp","href":"https:\/\/api.w.org\/{rel}","templated":true}]}}