{"id":24606,"date":"2016-07-13T11:44:51","date_gmt":"2016-07-13T16:44:51","guid":{"rendered":"https:\/\/radiowebmx.com\/nota\/?p=24606"},"modified":"2016-07-13T11:44:51","modified_gmt":"2016-07-13T16:44:51","slug":"egresan-estudiantes-de-la-unidad-del-sistema-de-ensenanza-abierta-del-cobaem","status":"publish","type":"post","link":"https:\/\/radiowebmx.com\/nota\/egresan-estudiantes-de-la-unidad-del-sistema-de-ensenanza-abierta-del-cobaem\/","title":{"rendered":"Egresan estudiantes de la Unidad del Sistema de Ense\u00f1anza Abierta del Cobaem"},"content":{"rendered":"<p><a href=\"https:\/\/radiowebmx.com\/nota\/wp-content\/uploads\/2016\/07\/20cf9a99-9da5-4e66-9e53-5938d8cc9b43.jpg\"><img loading=\"lazy\" decoding=\"async\" class=\"alignleft size-full wp-image-24607\" src=\"https:\/\/radiowebmx.com\/nota\/wp-content\/uploads\/2016\/07\/20cf9a99-9da5-4e66-9e53-5938d8cc9b43.jpg\" alt=\"20cf9a99-9da5-4e66-9e53-5938d8cc9b43\" width=\"591\" height=\"325\" srcset=\"https:\/\/radiowebmx.com\/nota\/wp-content\/uploads\/2016\/07\/20cf9a99-9da5-4e66-9e53-5938d8cc9b43.jpg 591w, https:\/\/radiowebmx.com\/nota\/wp-content\/uploads\/2016\/07\/20cf9a99-9da5-4e66-9e53-5938d8cc9b43-300x165.jpg 300w\" sizes=\"auto, (max-width: 591px) 100vw, 591px\" \/><\/a>Cincuenta y dos estudiantes del Sistema de Ense\u00f1anza Abierta de Morelia recibieron su certificado de bachillerato, finalizando as\u00ed la generaci\u00f3n 2015-2016.<\/p>\n<p>&nbsp;<\/p>\n<p>Esta modalidad no escolarizada tiene como finalidad facilitar el acceso a todas las personas para que puedan cursar el bachillerato de acuerdo a sus tiempos y necesidades.<\/p>\n<p>&nbsp;<\/p>\n<p>Cabe destacar que el Cobaem tiene como objetivo cumplir con la encomienda del Gobernador Constitucional de Michoac\u00e1n, Silvano Aureoles Conejo, de brindar educaci\u00f3n de calidad a los michoacanos y disminuir el rezago educativo en el nivel medio superior.<\/p>\n<p>&nbsp;<\/p>\n<p>En su intervenci\u00f3n la coordinadora de la Unidad, Mar\u00eda Clara Arellano Correa, afirm\u00f3 que el trabajo educativo es de gran responsabilidad, por lo que esta modalidad no escolarizada permite que el estudiante decida con\u00a0autonom\u00eda sus estudios.<\/p>\n<p>&nbsp;<\/p>\n<p>&#8220;Se deben comprender las distintas situaciones educativas donde profesores y alumnos llevan a cabo tareas y responsabilidades a distancia, pero con el mismo compromiso y responsabilidad de la cercan\u00eda&#8221;, indic\u00f3.<\/p>\n<p>&nbsp;<\/p>\n<p>Con la representaci\u00f3n del director general del Cobaem, Alejandro Bustos Aguilar, tambi\u00e9n estuvieron presentes en la entrega de los certificados el director de Planeaci\u00f3n Educativa, Jes\u00fas Vega Covarrubias, y la directora de Educaci\u00f3n No Escolarizada, Rosalba Mora Galv\u00e1n; adem\u00e1s, asisti\u00f3 la secretaria del Trabajo del Sindicato de Trabajadores del Colegio de Bachilleres del Estado de Michoac\u00e1n, Patricia Valencia Ortiz, en representaci\u00f3n del secretario general del gremio, Eduardo Mendoza Andrade.<\/p>\n","protected":false},"excerpt":{"rendered":"<p>Cincuenta y dos estudiantes del Sistema de Ense\u00f1anza Abierta de Morelia recibieron su certificado de bachillerato, finalizando as\u00ed la generaci\u00f3n 2015-2016.<\/p>\n","protected":false},"author":1,"featured_media":24607,"comment_status":"open","ping_status":"open","sticky":false,"template":"","format":"standard","meta":{"footnotes":""},"categories":[14,3],"tags":[],"class_list":["post-24606","post","type-post","status-publish","format-standard","has-post-thumbnail","hentry","category-destacadas","category-gobierno-del-estado-de-michoacan"],"_links":{"self":[{"href":"https:\/\/radiowebmx.com\/nota\/wp-json\/wp\/v2\/posts\/24606","targetHints":{"allow":["GET"]}}],"collection":[{"href":"https:\/\/radiowebmx.com\/nota\/wp-json\/wp\/v2\/posts"}],"about":[{"href":"https:\/\/radiowebmx.com\/nota\/wp-json\/wp\/v2\/types\/post"}],"author":[{"embeddable":true,"href":"https:\/\/radiowebmx.com\/nota\/wp-json\/wp\/v2\/users\/1"}],"replies":[{"embeddable":true,"href":"https:\/\/radiowebmx.com\/nota\/wp-json\/wp\/v2\/comments?post=24606"}],"version-history":[{"count":1,"href":"https:\/\/radiowebmx.com\/nota\/wp-json\/wp\/v2\/posts\/24606\/revisions"}],"predecessor-version":[{"id":24608,"href":"https:\/\/radiowebmx.com\/nota\/wp-json\/wp\/v2\/posts\/24606\/revisions\/24608"}],"wp:featuredmedia":[{"embeddable":true,"href":"https:\/\/radiowebmx.com\/nota\/wp-json\/wp\/v2\/media\/24607"}],"wp:attachment":[{"href":"https:\/\/radiowebmx.com\/nota\/wp-json\/wp\/v2\/media?parent=24606"}],"wp:term":[{"taxonomy":"category","embeddable":true,"href":"https:\/\/radiowebmx.com\/nota\/wp-json\/wp\/v2\/categories?post=24606"},{"taxonomy":"post_tag","embeddable":true,"href":"https:\/\/radiowebmx.com\/nota\/wp-json\/wp\/v2\/tags?post=24606"}],"curies":[{"name":"wp","href":"https:\/\/api.w.org\/{rel}","templated":true}]}}