{"id":24599,"date":"2016-07-13T11:37:58","date_gmt":"2016-07-13T16:37:58","guid":{"rendered":"https:\/\/radiowebmx.com\/nota\/?p=24599"},"modified":"2016-07-13T11:37:58","modified_gmt":"2016-07-13T16:37:58","slug":"implementa-sedetum-cuatro-programas-de-impacto-social-en-michoacan","status":"publish","type":"post","link":"https:\/\/radiowebmx.com\/nota\/implementa-sedetum-cuatro-programas-de-impacto-social-en-michoacan\/","title":{"rendered":"Implementa Sedetum cuatro programas de impacto social en Michoac\u00e1n"},"content":{"rendered":"<p><a href=\"https:\/\/radiowebmx.com\/nota\/wp-content\/uploads\/2016\/07\/d5538370-649e-41c0-ac17-05bbdc49d9d8.jpg\"><img loading=\"lazy\" decoding=\"async\" class=\"alignleft size-full wp-image-24600\" src=\"https:\/\/radiowebmx.com\/nota\/wp-content\/uploads\/2016\/07\/d5538370-649e-41c0-ac17-05bbdc49d9d8.jpg\" alt=\"d5538370-649e-41c0-ac17-05bbdc49d9d8\" width=\"591\" height=\"363\" srcset=\"https:\/\/radiowebmx.com\/nota\/wp-content\/uploads\/2016\/07\/d5538370-649e-41c0-ac17-05bbdc49d9d8.jpg 591w, https:\/\/radiowebmx.com\/nota\/wp-content\/uploads\/2016\/07\/d5538370-649e-41c0-ac17-05bbdc49d9d8-300x184.jpg 300w\" sizes=\"auto, (max-width: 591px) 100vw, 591px\" \/><\/a>La Secretar\u00eda de Desarrollo Territorial, Urbano y Movilidad (Sedetum) implementa programas de impacto social para mejorar las condiciones de vida de las y los michoacanos, destac\u00f3 su titular, Sergio Adem Argueta.<\/p>\n<p>&nbsp;<\/p>\n<p>Detall\u00f3 que la dependencia opera cuatro programas de impacto directo para las poblaciones michoacanas: Sistema de Ciudades, Corazones de Barrio, Ciudades en Movimiento y Suelo para Todos.<\/p>\n<p>&nbsp;<\/p>\n<p>Con Sistema de Ciudades se abordan temas de instrumentos de planeaci\u00f3n para promover y articular el conjunto ordenado de los centros urbanos con relaciones abiertas y din\u00e1micas para gestionar instrumentos de planeaci\u00f3n que permitir\u00e1n gestionar mejor las condiciones de suelo y, de esta forma, las ciudades tengan un crecimiento sustentable.<\/p>\n<p>&nbsp;<\/p>\n<p>El proyecto Corazones de Barrio consiste en generar ciudades polic\u00e9ntricas, es decir, que promuevan el sentido de pertenencia de sus habitantes. Este programa articula equipamiento sociocultural de car\u00e1cter p\u00fablico para dotar de acceso a centros educativos, del sector salud y un mayor n\u00famero de servicios p\u00fablicos.<\/p>\n<p>&nbsp;<\/p>\n<p>\u201cEs aqu\u00ed donde se ve reflejada la satisfacci\u00f3n de los ciudadanos, aqu\u00ed podemos ver gente conviviendo, esto permite que se activen las econom\u00edas, tenemos gente en la calle con seguridad. Al estar conectadas entre s\u00ed, con eficiente transporte p\u00fablico, banquetas accesibles, amplias, con rampas, etc\u00e9tera, los barrios son motivo de orgullo\u201d, refiri\u00f3 Adem Argueta.<\/p>\n<p>&nbsp;<\/p>\n<p>Ciudades en Movimiento est\u00e1 en ejecuci\u00f3n y va acompa\u00f1ado de la Ley de Transporte que se escalar\u00e1 a la Ley de Movilidad, la cual abarcar\u00e1 todos los sistemas de desplazamiento m\u00e1s eficaz entre ciudad y ciudad.<\/p>\n<p>&nbsp;<\/p>\n<p>\u201cEstamos platicando con representantes del transporte p\u00fablico, escuchando sus preocupaciones, y tambi\u00e9n hemos visitado a compa\u00f1\u00edas de sistemas de transporte. Es un trabajo arduo y un reto grande, pero alguien tiene que empezar y esos somos nosotros\u201d, dijo el titular de la Sedetum.<\/p>\n<p>&nbsp;<\/p>\n<p>Suelo para Todos es un programa que permitir\u00e1 la introducci\u00f3n de servicios, calles y banquetas. Dentro de la mancha urbana, se pretende la creaci\u00f3n de predios para garantizar el derecho a la vivienda.<\/p>\n","protected":false},"excerpt":{"rendered":"<p>La Sedetum implementa programas de impacto social para mejorar las condiciones de vida de las y los michoacanos, destac\u00f3 su titular, Sergio Adem Argueta.<\/p>\n","protected":false},"author":1,"featured_media":24600,"comment_status":"open","ping_status":"open","sticky":false,"template":"","format":"standard","meta":{"footnotes":""},"categories":[14,3],"tags":[],"class_list":["post-24599","post","type-post","status-publish","format-standard","has-post-thumbnail","hentry","category-destacadas","category-gobierno-del-estado-de-michoacan"],"_links":{"self":[{"href":"https:\/\/radiowebmx.com\/nota\/wp-json\/wp\/v2\/posts\/24599","targetHints":{"allow":["GET"]}}],"collection":[{"href":"https:\/\/radiowebmx.com\/nota\/wp-json\/wp\/v2\/posts"}],"about":[{"href":"https:\/\/radiowebmx.com\/nota\/wp-json\/wp\/v2\/types\/post"}],"author":[{"embeddable":true,"href":"https:\/\/radiowebmx.com\/nota\/wp-json\/wp\/v2\/users\/1"}],"replies":[{"embeddable":true,"href":"https:\/\/radiowebmx.com\/nota\/wp-json\/wp\/v2\/comments?post=24599"}],"version-history":[{"count":1,"href":"https:\/\/radiowebmx.com\/nota\/wp-json\/wp\/v2\/posts\/24599\/revisions"}],"predecessor-version":[{"id":24601,"href":"https:\/\/radiowebmx.com\/nota\/wp-json\/wp\/v2\/posts\/24599\/revisions\/24601"}],"wp:featuredmedia":[{"embeddable":true,"href":"https:\/\/radiowebmx.com\/nota\/wp-json\/wp\/v2\/media\/24600"}],"wp:attachment":[{"href":"https:\/\/radiowebmx.com\/nota\/wp-json\/wp\/v2\/media?parent=24599"}],"wp:term":[{"taxonomy":"category","embeddable":true,"href":"https:\/\/radiowebmx.com\/nota\/wp-json\/wp\/v2\/categories?post=24599"},{"taxonomy":"post_tag","embeddable":true,"href":"https:\/\/radiowebmx.com\/nota\/wp-json\/wp\/v2\/tags?post=24599"}],"curies":[{"name":"wp","href":"https:\/\/api.w.org\/{rel}","templated":true}]}}