{"id":24570,"date":"2016-07-12T11:24:53","date_gmt":"2016-07-12T16:24:53","guid":{"rendered":"https:\/\/radiowebmx.com\/nota\/?p=24570"},"modified":"2016-07-12T11:24:53","modified_gmt":"2016-07-12T16:24:53","slug":"inauguran-primer-campamento-de-verano-sembrando-saberes","status":"publish","type":"post","link":"https:\/\/radiowebmx.com\/nota\/inauguran-primer-campamento-de-verano-sembrando-saberes\/","title":{"rendered":"Inauguran primer campamento de verano Sembrando Saberes"},"content":{"rendered":"<p><a href=\"https:\/\/radiowebmx.com\/nota\/wp-content\/uploads\/2016\/07\/ed81dfcd-77bf-4e1b-b9ef-32bb6c45f871.jpg\"><img loading=\"lazy\" decoding=\"async\" class=\"alignleft size-full wp-image-24571\" src=\"https:\/\/radiowebmx.com\/nota\/wp-content\/uploads\/2016\/07\/ed81dfcd-77bf-4e1b-b9ef-32bb6c45f871.jpg\" alt=\"ed81dfcd-77bf-4e1b-b9ef-32bb6c45f871\" width=\"591\" height=\"312\" srcset=\"https:\/\/radiowebmx.com\/nota\/wp-content\/uploads\/2016\/07\/ed81dfcd-77bf-4e1b-b9ef-32bb6c45f871.jpg 591w, https:\/\/radiowebmx.com\/nota\/wp-content\/uploads\/2016\/07\/ed81dfcd-77bf-4e1b-b9ef-32bb6c45f871-300x158.jpg 300w\" sizes=\"auto, (max-width: 591px) 100vw, 591px\" \/><\/a>La Secretar\u00eda del Migrante (Semigrante), en coordinaci\u00f3n con el Club de Migrantes Francisco Villa, radicado en Chicago, Illinois, y su Club Espejo en este municipio, inauguraron hoy el primer campamento de verano Sembrando Saberes, que se impartir\u00e1 hasta el 15 de julio en la Escuela Primaria Art\u00edculo 3\u00b0 con la asistencia de 60 ni\u00f1os y j\u00f3venes, entre los que se encuentran hijos de migrantes en retorno.<\/p>\n<p>Fue a solicitud del Club de Migrantes que se realiza este campamento, en el que se impartir\u00e1n talleres de ingl\u00e9s, psicolog\u00eda, deportes, manualidades, literatura, danza, pintura y oficios varios, como alfarer\u00eda y elaboraci\u00f3n de conservas, ambos con una larga tradici\u00f3n en Zinap\u00e9cuaro.<\/p>\n<p>Al inaugurar el campamento el titular de la Semigrante, Jos\u00e9 Luis Guti\u00e9rrez, destac\u00f3 la importancia de trabajar de la mano con los clubes de migrantes y sus clubes espejo en beneficio de sus comunidades de origen, sobre todo en el tema educativo y buscando que los ni\u00f1os y j\u00f3venes tengan un mejor futuro con base en la capacitaci\u00f3n constante y su inter\u00e9s por aprender.<\/p>\n<p>Asimismo, agradeci\u00f3 el apoyo de todos los colaboradores, maestros y voluntarios que est\u00e1n dando su tiempo para llevar a cabo este campamento, y reconoci\u00f3 el trabajo que realiza este club de migrantes -que encabeza su presidente, Rub\u00e9n Ch\u00e1vez- en favor del municipio para crear mejores oportunidades de desarrollo.<\/p>\n<p>Este campamento -que ser\u00e1 impartido de 09:00 13:00 horas y de las 15:00 a 17:00 horas- tiene como finalidad contribuir al rescate de la identidad del municipio, ense\u00f1ando algunos de sus principales oficios, fomentando los valores tomando como base el trabajo voluntario, apoyar a los alumnos migrantes en retorno a aprender la gram\u00e1tica y fon\u00e9tica del idioma espa\u00f1ol, ense\u00f1ar y transmitir conocimientos pr\u00e1cticos con herramientas did\u00e1cticas, creativas y novedosas.<\/p>\n","protected":false},"excerpt":{"rendered":"<p>La Semigrante, en coordinaci\u00f3n con el Club de Migrantes Francisco Villa, radicado en Chicago, Illinois, y su Club Espejo en este municipio,<\/p>\n","protected":false},"author":1,"featured_media":24571,"comment_status":"open","ping_status":"open","sticky":false,"template":"","format":"standard","meta":{"footnotes":""},"categories":[14,3],"tags":[],"class_list":["post-24570","post","type-post","status-publish","format-standard","has-post-thumbnail","hentry","category-destacadas","category-gobierno-del-estado-de-michoacan"],"_links":{"self":[{"href":"https:\/\/radiowebmx.com\/nota\/wp-json\/wp\/v2\/posts\/24570","targetHints":{"allow":["GET"]}}],"collection":[{"href":"https:\/\/radiowebmx.com\/nota\/wp-json\/wp\/v2\/posts"}],"about":[{"href":"https:\/\/radiowebmx.com\/nota\/wp-json\/wp\/v2\/types\/post"}],"author":[{"embeddable":true,"href":"https:\/\/radiowebmx.com\/nota\/wp-json\/wp\/v2\/users\/1"}],"replies":[{"embeddable":true,"href":"https:\/\/radiowebmx.com\/nota\/wp-json\/wp\/v2\/comments?post=24570"}],"version-history":[{"count":1,"href":"https:\/\/radiowebmx.com\/nota\/wp-json\/wp\/v2\/posts\/24570\/revisions"}],"predecessor-version":[{"id":24572,"href":"https:\/\/radiowebmx.com\/nota\/wp-json\/wp\/v2\/posts\/24570\/revisions\/24572"}],"wp:featuredmedia":[{"embeddable":true,"href":"https:\/\/radiowebmx.com\/nota\/wp-json\/wp\/v2\/media\/24571"}],"wp:attachment":[{"href":"https:\/\/radiowebmx.com\/nota\/wp-json\/wp\/v2\/media?parent=24570"}],"wp:term":[{"taxonomy":"category","embeddable":true,"href":"https:\/\/radiowebmx.com\/nota\/wp-json\/wp\/v2\/categories?post=24570"},{"taxonomy":"post_tag","embeddable":true,"href":"https:\/\/radiowebmx.com\/nota\/wp-json\/wp\/v2\/tags?post=24570"}],"curies":[{"name":"wp","href":"https:\/\/api.w.org\/{rel}","templated":true}]}}