{"id":24567,"date":"2016-07-12T11:19:19","date_gmt":"2016-07-12T16:19:19","guid":{"rendered":"https:\/\/radiowebmx.com\/nota\/?p=24567"},"modified":"2016-07-12T11:19:19","modified_gmt":"2016-07-12T16:19:19","slug":"coordinacion-de-proteccion-civil-y-bomberos-de-morelia-capacita-en-primeros-auxilios-a-gendarmeria","status":"publish","type":"post","link":"https:\/\/radiowebmx.com\/nota\/coordinacion-de-proteccion-civil-y-bomberos-de-morelia-capacita-en-primeros-auxilios-a-gendarmeria\/","title":{"rendered":"Coordinaci\u00f3n de Protecci\u00f3n Civil y Bomberos de Morelia capacita en primeros auxilios a Gendarmer\u00eda"},"content":{"rendered":"<p><a href=\"https:\/\/radiowebmx.com\/nota\/wp-content\/uploads\/2016\/07\/3c872a2f-72ad-46aa-be7f-16d49d49d7d0.jpg\"><img loading=\"lazy\" decoding=\"async\" class=\"alignleft size-full wp-image-24568\" src=\"https:\/\/radiowebmx.com\/nota\/wp-content\/uploads\/2016\/07\/3c872a2f-72ad-46aa-be7f-16d49d49d7d0.jpg\" alt=\"3c872a2f-72ad-46aa-be7f-16d49d49d7d0\" width=\"591\" height=\"555\" srcset=\"https:\/\/radiowebmx.com\/nota\/wp-content\/uploads\/2016\/07\/3c872a2f-72ad-46aa-be7f-16d49d49d7d0.jpg 591w, https:\/\/radiowebmx.com\/nota\/wp-content\/uploads\/2016\/07\/3c872a2f-72ad-46aa-be7f-16d49d49d7d0-300x282.jpg 300w\" sizes=\"auto, (max-width: 591px) 100vw, 591px\" \/><\/a>Con la finalidad de salvaguardar la vida de la ciudadan\u00eda y como parte del trabajo en conjunto entre el Gobierno Municipal y la Federaci\u00f3n, la Coordinaci\u00f3n de Protecci\u00f3n Civil y Bomberos de Morelia inici\u00f3 el curso de capacitaci\u00f3n de 50 elementos de la Gendarmer\u00eda en primeros auxilios.<\/p>\n<p>El Coordinador de dicha \u00e1rea municipal, Eduardo Ram\u00edrez Canals, asegur\u00f3 que estos adiestramientos son parte de la colaboraci\u00f3n que existe entre los \u00f3rdenes de Gobierno para contar con autoridades, ya sea municipales o federales, mejor preparadas que respondan con eficiencia ante alguna contingencia, privilegiando siempre\u00a0 la seguridad de la ciudadan\u00eda.<\/p>\n<p>En este tenor, la capacitaci\u00f3n se realizar\u00e1 semanalmente, con una meta de 200 elementos federales de esta corporaci\u00f3n antes mencionada debidamente capacitados.<\/p>\n<p>Ram\u00edrez Canals explic\u00f3 que el prop\u00f3sito es que los elementos cuenten con los conocimientos necesarios en primeros auxilios y puedan brindar asistencia a una persona en caso de accidente o enfermedad repentina, e incluso sepan disponer de tratamiento especializado.<\/p>\n<p>\u201cLos elementos de Gendarmer\u00eda al igual que un socorrista de Protecci\u00f3n Civil Municipal, son autoridades que tienen mucho acercamiento con la ciudadan\u00eda y como tal deben estar capacitados para responder en caso de alguna emergencia y proteger de manera m\u00e1s efectiva a los morelianos\u201d, detall\u00f3 el funcionario municipal.<\/p>\n<p>Cabe recordar que los principales casos que requieren asistencia de primeros auxilios son asfixia, fracturas, quemaduras, traumatismos y hemorragias, por mencionar algunos.<\/p>\n","protected":false},"excerpt":{"rendered":"<p>Con la finalidad de salvaguardar la vida de la ciudadan\u00eda y como parte del trabajo en conjunto entre el Gobierno Municipal y la Federaci\u00f3n,<\/p>\n","protected":false},"author":1,"featured_media":24568,"comment_status":"open","ping_status":"open","sticky":false,"template":"","format":"standard","meta":{"footnotes":""},"categories":[14,3],"tags":[],"class_list":["post-24567","post","type-post","status-publish","format-standard","has-post-thumbnail","hentry","category-destacadas","category-gobierno-del-estado-de-michoacan"],"_links":{"self":[{"href":"https:\/\/radiowebmx.com\/nota\/wp-json\/wp\/v2\/posts\/24567","targetHints":{"allow":["GET"]}}],"collection":[{"href":"https:\/\/radiowebmx.com\/nota\/wp-json\/wp\/v2\/posts"}],"about":[{"href":"https:\/\/radiowebmx.com\/nota\/wp-json\/wp\/v2\/types\/post"}],"author":[{"embeddable":true,"href":"https:\/\/radiowebmx.com\/nota\/wp-json\/wp\/v2\/users\/1"}],"replies":[{"embeddable":true,"href":"https:\/\/radiowebmx.com\/nota\/wp-json\/wp\/v2\/comments?post=24567"}],"version-history":[{"count":1,"href":"https:\/\/radiowebmx.com\/nota\/wp-json\/wp\/v2\/posts\/24567\/revisions"}],"predecessor-version":[{"id":24569,"href":"https:\/\/radiowebmx.com\/nota\/wp-json\/wp\/v2\/posts\/24567\/revisions\/24569"}],"wp:featuredmedia":[{"embeddable":true,"href":"https:\/\/radiowebmx.com\/nota\/wp-json\/wp\/v2\/media\/24568"}],"wp:attachment":[{"href":"https:\/\/radiowebmx.com\/nota\/wp-json\/wp\/v2\/media?parent=24567"}],"wp:term":[{"taxonomy":"category","embeddable":true,"href":"https:\/\/radiowebmx.com\/nota\/wp-json\/wp\/v2\/categories?post=24567"},{"taxonomy":"post_tag","embeddable":true,"href":"https:\/\/radiowebmx.com\/nota\/wp-json\/wp\/v2\/tags?post=24567"}],"curies":[{"name":"wp","href":"https:\/\/api.w.org\/{rel}","templated":true}]}}