{"id":24561,"date":"2016-07-12T11:14:35","date_gmt":"2016-07-12T16:14:35","guid":{"rendered":"https:\/\/radiowebmx.com\/nota\/?p=24561"},"modified":"2016-07-12T11:14:35","modified_gmt":"2016-07-12T16:14:35","slug":"entregan-silvano-aureoles-y-aurelio-nuno-2-mil-certificados-de-primaria-y-secundaria","status":"publish","type":"post","link":"https:\/\/radiowebmx.com\/nota\/entregan-silvano-aureoles-y-aurelio-nuno-2-mil-certificados-de-primaria-y-secundaria\/","title":{"rendered":"Entregan Silvano Aureoles y Aurelio Nu\u00f1o 2 mil certificados de primaria y secundaria"},"content":{"rendered":"<p><a href=\"https:\/\/radiowebmx.com\/nota\/wp-content\/uploads\/2016\/07\/68570f67-af6d-4085-bfa1-c043fd9582a3.jpg\"><img loading=\"lazy\" decoding=\"async\" class=\"alignleft size-full wp-image-24562\" src=\"https:\/\/radiowebmx.com\/nota\/wp-content\/uploads\/2016\/07\/68570f67-af6d-4085-bfa1-c043fd9582a3.jpg\" alt=\"68570f67-af6d-4085-bfa1-c043fd9582a3\" width=\"591\" height=\"331\" srcset=\"https:\/\/radiowebmx.com\/nota\/wp-content\/uploads\/2016\/07\/68570f67-af6d-4085-bfa1-c043fd9582a3.jpg 591w, https:\/\/radiowebmx.com\/nota\/wp-content\/uploads\/2016\/07\/68570f67-af6d-4085-bfa1-c043fd9582a3-300x168.jpg 300w, https:\/\/radiowebmx.com\/nota\/wp-content\/uploads\/2016\/07\/68570f67-af6d-4085-bfa1-c043fd9582a3-284x158.jpg 284w, https:\/\/radiowebmx.com\/nota\/wp-content\/uploads\/2016\/07\/68570f67-af6d-4085-bfa1-c043fd9582a3-128x72.jpg 128w\" sizes=\"auto, (max-width: 591px) 100vw, 591px\" \/><\/a>\u00a0El Gobernador Constitucional, Silvano Aureoles Conejo y el secretario de Educaci\u00f3n P\u00fablica federal, Aurelio Nu\u00f1o Mayer, hicieron entrega de 2 mil certificados del Programa Especial de Certificaci\u00f3n para Adultos Mayores, que concluyeron su primaria o secundaria.<\/p>\n<p>En un ambiente de entusiasmo por parte de las y los reci\u00e9n graduados, el mandatario afirm\u00f3 que en Michoac\u00e1n se est\u00e1n dando pasos importantes hacia una meta que se ha trazado en su administraci\u00f3n, que es mejorar la educaci\u00f3n de las ni\u00f1as, los ni\u00f1os y los j\u00f3venes.<\/p>\n<p>&#8220;Es el reto mayor para poder aspirar a ser una sociedad m\u00e1s igualitaria, m\u00e1s equitativa, m\u00e1s incluyente, poder vivir en armon\u00eda, en paz y con ello generar m\u00e1s y mejores condiciones de bienestar para todas y para todos&#8221;.<\/p>\n<p>Silvano Aureoles destac\u00f3 la visita a Michoac\u00e1n del titular de la SEP, Aurelio Nu\u00f1o Mayer,\u00a0en este acto que dijo, es muy importante por lo que representa para la vida de las personas y sus familias el poder contar con su certificado, al tiempo que reconoci\u00f3 la labor del Instituto Nacional para la Educaci\u00f3n de los Adultos (INEA).<\/p>\n<p>Record\u00f3 que la entidad fue una de las primeras en el pa\u00eds en signar el convenio con el INEA para hacerle frente al rezago educativo y al problema del analfabetismo, por ello subray\u00f3 el esfuerzo de quienes concluyeron sus estudios, as\u00ed como de las y los capacitadores y de todo el equipo de dicha instituci\u00f3n que hacen posible este trabajo.<\/p>\n<p>De esta forma, invit\u00f3 a las mujeres y hombres que terminaron la primaria o la secundaria, a que contin\u00faen sus estudios, y confi\u00f3 en que muchos de ellos podr\u00e1n culminar una licenciatura. En este sentido, se comprometi\u00f3 a apoyar con algunos insumos a quienes deseen continuar con su preparaci\u00f3n, una vez que demuestren que ya est\u00e1n registrados en alguna instituci\u00f3n educativa.<\/p>\n<p>\u201cPara la educaci\u00f3n siempre debe de haber recursos y no hay mejor inversi\u00f3n que la que hagamos en la educaci\u00f3n de nuestras mujeres y hombres, de nuestra gente\u201d.<\/p>\n<p>El mandatario se\u00f1al\u00f3 que en el estado se est\u00e1n desplegando acciones en materia de infraestructura educativa desde el nivel preescolar hasta el medio superior, para que las y los estudiantes tengan espacios dignos, que los padres tengan la certeza de que dejan a sus hijas o hijos en un lugar seguro, y para que las maestras y maestros desempe\u00f1en sus tareas en mejores condiciones.<\/p>\n<p>Silvano Aureoles sostuvo que el reto es que en su administraci\u00f3n se pueda bajar el 7 por ciento en analfabetismo que actualmente tiene el estado, por lo menos un punto porcentual por a\u00f1o durante su Gobierno. \u201cNo hay asunto m\u00e1s importante que la educaci\u00f3n de nuestro pueblo, es el \u00fanico camino para el acceso a la justicia social\u201d.<\/p>\n<p>El titular de la SEP, Aurelio Nu\u00f1o, reconoci\u00f3 el compromiso y el trabajo desarrollado por el Gobernador Silvano Aureoles en materia educativa, quien dijo, ha hecho de este rubro una prioridad para Michoac\u00e1n.<\/p>\n<p>De igual manera, felicit\u00f3 a quienes hoy recibieron su certificado, pues asegur\u00f3 que ellos tambi\u00e9n creen que a trav\u00e9s de la preparaci\u00f3n se puede transformar la vida no s\u00f3lo de quienes estudian, sino la de sus familias y la de su comunidad.<\/p>\n","protected":false},"excerpt":{"rendered":"<p>El Gobernador Constitucional, Silvano Aureoles Conejo y el secretario de Educaci\u00f3n P\u00fablica federal, Aurelio Nu\u00f1o Mayer, hicieron entrega de 2 mil certificados del Programa Especial de Certificaci\u00f3n para Adultos Mayores, que concluyeron su primaria o secundaria.<\/p>\n","protected":false},"author":1,"featured_media":24562,"comment_status":"open","ping_status":"open","sticky":false,"template":"","format":"standard","meta":{"footnotes":""},"categories":[14,3],"tags":[],"class_list":["post-24561","post","type-post","status-publish","format-standard","has-post-thumbnail","hentry","category-destacadas","category-gobierno-del-estado-de-michoacan"],"_links":{"self":[{"href":"https:\/\/radiowebmx.com\/nota\/wp-json\/wp\/v2\/posts\/24561","targetHints":{"allow":["GET"]}}],"collection":[{"href":"https:\/\/radiowebmx.com\/nota\/wp-json\/wp\/v2\/posts"}],"about":[{"href":"https:\/\/radiowebmx.com\/nota\/wp-json\/wp\/v2\/types\/post"}],"author":[{"embeddable":true,"href":"https:\/\/radiowebmx.com\/nota\/wp-json\/wp\/v2\/users\/1"}],"replies":[{"embeddable":true,"href":"https:\/\/radiowebmx.com\/nota\/wp-json\/wp\/v2\/comments?post=24561"}],"version-history":[{"count":1,"href":"https:\/\/radiowebmx.com\/nota\/wp-json\/wp\/v2\/posts\/24561\/revisions"}],"predecessor-version":[{"id":24563,"href":"https:\/\/radiowebmx.com\/nota\/wp-json\/wp\/v2\/posts\/24561\/revisions\/24563"}],"wp:featuredmedia":[{"embeddable":true,"href":"https:\/\/radiowebmx.com\/nota\/wp-json\/wp\/v2\/media\/24562"}],"wp:attachment":[{"href":"https:\/\/radiowebmx.com\/nota\/wp-json\/wp\/v2\/media?parent=24561"}],"wp:term":[{"taxonomy":"category","embeddable":true,"href":"https:\/\/radiowebmx.com\/nota\/wp-json\/wp\/v2\/categories?post=24561"},{"taxonomy":"post_tag","embeddable":true,"href":"https:\/\/radiowebmx.com\/nota\/wp-json\/wp\/v2\/tags?post=24561"}],"curies":[{"name":"wp","href":"https:\/\/api.w.org\/{rel}","templated":true}]}}