{"id":24546,"date":"2016-07-12T10:48:28","date_gmt":"2016-07-12T15:48:28","guid":{"rendered":"https:\/\/radiowebmx.com\/nota\/?p=24546"},"modified":"2016-07-12T10:48:28","modified_gmt":"2016-07-12T15:48:28","slug":"comunidades-no-pueden-quedarse-al-margen-de-educacion-de-calidad-asevera-gobernador","status":"publish","type":"post","link":"https:\/\/radiowebmx.com\/nota\/comunidades-no-pueden-quedarse-al-margen-de-educacion-de-calidad-asevera-gobernador\/","title":{"rendered":"Comunidades no pueden quedarse al margen de educaci\u00f3n de calidad; asevera Gobernador"},"content":{"rendered":"<p><a href=\"https:\/\/radiowebmx.com\/nota\/wp-content\/uploads\/2016\/07\/3caaa128-2f05-4d93-a82f-f8ad390bd4a91.jpeg\"><img loading=\"lazy\" decoding=\"async\" class=\"alignleft size-full wp-image-24548\" src=\"https:\/\/radiowebmx.com\/nota\/wp-content\/uploads\/2016\/07\/3caaa128-2f05-4d93-a82f-f8ad390bd4a91.jpeg\" alt=\"3caaa128-2f05-4d93-a82f-f8ad390bd4a9\" width=\"591\" height=\"345\" srcset=\"https:\/\/radiowebmx.com\/nota\/wp-content\/uploads\/2016\/07\/3caaa128-2f05-4d93-a82f-f8ad390bd4a91.jpeg 591w, https:\/\/radiowebmx.com\/nota\/wp-content\/uploads\/2016\/07\/3caaa128-2f05-4d93-a82f-f8ad390bd4a91-300x175.jpeg 300w\" sizes=\"auto, (max-width: 591px) 100vw, 591px\" \/><\/a>Al supervisar una de las que dijo, son de las obras m\u00e1s queridas para su Gobierno, la construcci\u00f3n de cinco aulas que reemplazar\u00e1n a las &#8220;de palitos&#8221; en el Centro de Educaci\u00f3n Media Superior a Distancia (CEMSAD) No. 62 de la tenencia de San Rafael Tecario, Silvano Aureoles record\u00f3 que de las 10 mil escuelas de educaci\u00f3n b\u00e1sica existentes en la entidad, alrededor de 9 mil presentan carencias en su infraestructura, por lo que el reto es que en los pr\u00f3ximos dos a\u00f1os pueda abatirse al menos el 60 por ciento de ese rezago.<\/p>\n<p>El mandatario estatal felicit\u00f3 al presidente municipal Mauricio Acosta Almanza y al Cabildo de Tac\u00e1mbaro, por aprobar por unanimidad que el Ayuntamiento firmara el convenio con el Colegio de Estudios Cient\u00edficos y Tecnol\u00f3gicos del Estado de Michoac\u00e1n (CECyTEM), para hacer posible la construcci\u00f3n de estas aulas que permitir\u00e1n acercar la educaci\u00f3n media superior a m\u00e1s j\u00f3venes y favorecen a los poco m\u00e1s de 100 que actualmente acuden a este plantel.<\/p>\n<p>Reconoci\u00f3 que al igual que \u00e9l, cada vez son m\u00e1s los mun\u00edcipes que est\u00e1n comprometidos con la educaci\u00f3n y contribuyen con su granito de arena, porque &#8220;no habr\u00e1 recurso mejor invertido que el que se destina a la educaci\u00f3n&#8221; y conmin\u00f3 a las autoridades municipales a que tambi\u00e9n aprovechen el programa 3&#215;1 Migrantes, que ya se acepta proyectos para obras educativas, lo que permitir\u00e1 ampliar la capacidad para atender la demanda de este rubro.<\/p>\n<p>Mar\u00eda del Carmen Escobedo P\u00e9rez, directora general del CECyTEM, manifest\u00f3 que en cumplimento a la instrucci\u00f3n del Gobernador Aureoles Conejo, de ampliar y fortalecer el servicio educativo, es que se realizaron gestiones para mejorar la infraestructura de la educaci\u00f3n media superior, logrando a la fecha la firma de 12 convenios con igual n\u00famero de municipios, que permitir\u00e1n desarrollar obras por alrededor de 20 millones de pesos.<\/p>\n<p>El edil Mauricio Acosta detall\u00f3 al respecto que en el caso del CEMSAD No. 62 de San Rafael Tecario, la edificaci\u00f3n de las cinco aulas tiene un costo de 1.5 millones de pesos, de lo cuales el Gobierno del Estado a trav\u00e9s del CECyTEM hizo una aportaci\u00f3n de 750 mil pesos, el ayuntamiento particip\u00f3 con 550 mil pesos, mientras que la comunidad acad\u00e9mica y los padres de familia contribuyeron con 200 mil pesos. La obra se prev\u00e9 concluirla en no m\u00e1s de tres meses.<\/p>\n<p>Por otro lado, el mandatario estatal hizo un llamado a la poblaci\u00f3n a levantar la voz en contra de la violencia, la delincuencia e intereses mezquinos que lastiman a las comunidades; &#8220;la mayor\u00eda de los michoacanos somos gente bondadosa y comprometida, debemos cerrarle el paso a quienes por intereses mezquinos, privan de la vida o libertad a las personas, no lo podemos permitir&#8221;.<\/p>\n<p>Respecto de las peticiones que le entreg\u00f3 el alcalde tacambarense, el Gobernador hizo suya la gesti\u00f3n para continuar el tramo carretero Opopeo- Tac\u00e1mbaro, que de concretarse permitir\u00e1 conectar a este municipio con la capital del estado en s\u00f3lo una hora de trayecto, por lo que asegur\u00f3 impulsar\u00e1 ese proyecto ante la Secretar\u00eda de Comunicaciones y Transportes federal,\u00a0 para concretarlo. Tambi\u00e9n dijo que se busca a trav\u00e9s de la Secretar\u00eda de Comunicaciones y Obras P\u00fablicas estatal dar una soluci\u00f3n integral al problema que presentan diversos tramos carreteros, como es el caso de Tac\u00e1mbaro- Yoricostio y Tac\u00e1mbaro- Villa Madero<\/p>\n<p>Tambi\u00e9n, un grupo de amas de casa se acerc\u00f3 al jefe del Ejecutivo estatal para solicitarle que se ampl\u00ede a Centro de Salud la Casa de Salud que opera en esta tenencia y que atiende a varias comunidades, por lo que Aureoles Conejo afirm\u00f3 que si son m\u00e1s de 3 mil habitantes los que habitan en esta zona, se realizar\u00e1n los trabajos para que se realice la ampliaci\u00f3n de dicho servicio de salud.<\/p>\n<p>En el marco de su visita a este municipio, el Gobernador hizo entrega de apoyos para personas en situaci\u00f3n de vulnerabilidad, como sillas de ruedas, despensas para adultos mayores y cunas de Un Comienzo DIFerente.<\/p>\n<p>Acompa\u00f1aron al mandatario a esta supervisi\u00f3n, el general Francisco Morales C\u00e1zares, comandante de la 21 Zona Militar; Fabiola Alan\u00eds S\u00e1mano, secretaria de Igualdad Sustantiva y Desarrollo de las Mujeres; Jos\u00e9 Mart\u00edn Godoy Castro, procurador general de Justicia; Alfredo Fernandez Peri, delegado federal de Sedatu; Rosal\u00eda Miranda Ar\u00e9valo y Juan Bernardo Corona Mart\u00ednez, diputados locales; Jos\u00e9 Juan Dom\u00ednguez L\u00f3pez, titular de la SCOP; Germ\u00e1n Tena Fern\u00e1ndez, coordinador general de la CEAC; Jos\u00e9 Arturo Granados Avila, director del CECyTEM plantel Tac\u00e1mbaro; as\u00ed como jefas y jefes de tenencia, adem\u00e1s de vecinos de la localidad.<\/p>\n","protected":false},"excerpt":{"rendered":"<p>En la medida que se eleva el nivel de preparaci\u00f3n de la poblaci\u00f3n, cambia la vida, la educaci\u00f3n es una plataforma para enfrentar los retos de un mundo cada vez m\u00e1s competitivo, <\/p>\n","protected":false},"author":1,"featured_media":24548,"comment_status":"open","ping_status":"open","sticky":false,"template":"","format":"standard","meta":{"footnotes":""},"categories":[14,3],"tags":[],"class_list":["post-24546","post","type-post","status-publish","format-standard","has-post-thumbnail","hentry","category-destacadas","category-gobierno-del-estado-de-michoacan"],"_links":{"self":[{"href":"https:\/\/radiowebmx.com\/nota\/wp-json\/wp\/v2\/posts\/24546","targetHints":{"allow":["GET"]}}],"collection":[{"href":"https:\/\/radiowebmx.com\/nota\/wp-json\/wp\/v2\/posts"}],"about":[{"href":"https:\/\/radiowebmx.com\/nota\/wp-json\/wp\/v2\/types\/post"}],"author":[{"embeddable":true,"href":"https:\/\/radiowebmx.com\/nota\/wp-json\/wp\/v2\/users\/1"}],"replies":[{"embeddable":true,"href":"https:\/\/radiowebmx.com\/nota\/wp-json\/wp\/v2\/comments?post=24546"}],"version-history":[{"count":1,"href":"https:\/\/radiowebmx.com\/nota\/wp-json\/wp\/v2\/posts\/24546\/revisions"}],"predecessor-version":[{"id":24549,"href":"https:\/\/radiowebmx.com\/nota\/wp-json\/wp\/v2\/posts\/24546\/revisions\/24549"}],"wp:featuredmedia":[{"embeddable":true,"href":"https:\/\/radiowebmx.com\/nota\/wp-json\/wp\/v2\/media\/24548"}],"wp:attachment":[{"href":"https:\/\/radiowebmx.com\/nota\/wp-json\/wp\/v2\/media?parent=24546"}],"wp:term":[{"taxonomy":"category","embeddable":true,"href":"https:\/\/radiowebmx.com\/nota\/wp-json\/wp\/v2\/categories?post=24546"},{"taxonomy":"post_tag","embeddable":true,"href":"https:\/\/radiowebmx.com\/nota\/wp-json\/wp\/v2\/tags?post=24546"}],"curies":[{"name":"wp","href":"https:\/\/api.w.org\/{rel}","templated":true}]}}