{"id":24543,"date":"2016-07-12T10:43:09","date_gmt":"2016-07-12T15:43:09","guid":{"rendered":"https:\/\/radiowebmx.com\/nota\/?p=24543"},"modified":"2016-07-12T10:43:09","modified_gmt":"2016-07-12T15:43:09","slug":"reitera-gobernador-llamado-al-dialogo-y-la-concordia-en-michoacan","status":"publish","type":"post","link":"https:\/\/radiowebmx.com\/nota\/reitera-gobernador-llamado-al-dialogo-y-la-concordia-en-michoacan\/","title":{"rendered":"Reitera Gobernador llamado al di\u00e1logo y la concordia en Michoac\u00e1n"},"content":{"rendered":"<p><a href=\"https:\/\/radiowebmx.com\/nota\/wp-content\/uploads\/2016\/07\/c41a1cc5-bdec-41e0-9e29-9d6f61649ba8.jpeg\"><img loading=\"lazy\" decoding=\"async\" class=\"alignleft size-full wp-image-24544\" src=\"https:\/\/radiowebmx.com\/nota\/wp-content\/uploads\/2016\/07\/c41a1cc5-bdec-41e0-9e29-9d6f61649ba8.jpeg\" alt=\"c41a1cc5-bdec-41e0-9e29-9d6f61649ba8\" width=\"591\" height=\"320\" srcset=\"https:\/\/radiowebmx.com\/nota\/wp-content\/uploads\/2016\/07\/c41a1cc5-bdec-41e0-9e29-9d6f61649ba8.jpeg 591w, https:\/\/radiowebmx.com\/nota\/wp-content\/uploads\/2016\/07\/c41a1cc5-bdec-41e0-9e29-9d6f61649ba8-300x162.jpeg 300w\" sizes=\"auto, (max-width: 591px) 100vw, 591px\" \/><\/a>Convencido de que la conciliaci\u00f3n mediante el di\u00e1logo y el respetuo mutuo es el \u00fanico camino para la soluci\u00f3n de los conflictos sociales, el Gobernador Constitucional del Estado, Silvano Aureoles Conejo se reuni\u00f3 con una comisi\u00f3n de integrantes de la CNTE y del Sindicato \u00danico de Trabajadores del Organismo P\u00fablico Descentralizado de la Secretar\u00eda de Salud en Michoac\u00e1n (SUTOPDSSM).<\/p>\n<p>Durante la gira de trabajo que encabez\u00f3 este domingo en el municipio de Turicato, el mandatario estatal sostuvo un encuentro cordial con los trabajadores de la educaci\u00f3n y de los servicios de salud de la entidad.<\/p>\n<p>Ah\u00ed, tras escuchar sus principales demandas, Aureoles Conejo explic\u00f3 que la confrontaci\u00f3n no ser\u00e1 nunca el camino para avanzar en la soluci\u00f3n de los problemas, motivo por el cual reiter\u00f3 su llamado al di\u00e1logo respetuoso y la concordia, particularmente en los sectores de la educaci\u00f3n y la salud.<\/p>\n<p>Precis\u00f3 que ante el inter\u00e9s superior que representa la educaci\u00f3n de la juventud y la ni\u00f1ez michoacanas, es importante tomar acuerdos con el sector magisterial y evitar que se pierda el actual ciclo escolar.<\/p>\n<p>Mientras que a los sindicalizados del sector salud, los invit\u00f3 a no entorpecer los servicios de salud en la entidad, a la vez de que se\u00f1al\u00f3 que en los pr\u00f3ximos d\u00edas revisar\u00e1 puntualmente sus demandas.<\/p>\n<p>De esta manera, el Gobierno del Estado, que encabeza Silvano Aureoles Conejo ratifica su voluntad de escuchar y atender las inquietudes de la ciudadan\u00eda, para que de manera conjunta se tomen las mejores decisiones en favor de las y los michoacanos.<\/p>\n","protected":false},"excerpt":{"rendered":"<p>Convencido de que la conciliaci\u00f3n mediante el di\u00e1logo y el respetuo mutuo es el \u00fanico camino para la soluci\u00f3n de los conflictos sociales, el Gobernador Constitucional del Estado, <\/p>\n","protected":false},"author":1,"featured_media":24544,"comment_status":"open","ping_status":"open","sticky":false,"template":"","format":"standard","meta":{"footnotes":""},"categories":[14,3],"tags":[],"class_list":["post-24543","post","type-post","status-publish","format-standard","has-post-thumbnail","hentry","category-destacadas","category-gobierno-del-estado-de-michoacan"],"_links":{"self":[{"href":"https:\/\/radiowebmx.com\/nota\/wp-json\/wp\/v2\/posts\/24543","targetHints":{"allow":["GET"]}}],"collection":[{"href":"https:\/\/radiowebmx.com\/nota\/wp-json\/wp\/v2\/posts"}],"about":[{"href":"https:\/\/radiowebmx.com\/nota\/wp-json\/wp\/v2\/types\/post"}],"author":[{"embeddable":true,"href":"https:\/\/radiowebmx.com\/nota\/wp-json\/wp\/v2\/users\/1"}],"replies":[{"embeddable":true,"href":"https:\/\/radiowebmx.com\/nota\/wp-json\/wp\/v2\/comments?post=24543"}],"version-history":[{"count":1,"href":"https:\/\/radiowebmx.com\/nota\/wp-json\/wp\/v2\/posts\/24543\/revisions"}],"predecessor-version":[{"id":24545,"href":"https:\/\/radiowebmx.com\/nota\/wp-json\/wp\/v2\/posts\/24543\/revisions\/24545"}],"wp:featuredmedia":[{"embeddable":true,"href":"https:\/\/radiowebmx.com\/nota\/wp-json\/wp\/v2\/media\/24544"}],"wp:attachment":[{"href":"https:\/\/radiowebmx.com\/nota\/wp-json\/wp\/v2\/media?parent=24543"}],"wp:term":[{"taxonomy":"category","embeddable":true,"href":"https:\/\/radiowebmx.com\/nota\/wp-json\/wp\/v2\/categories?post=24543"},{"taxonomy":"post_tag","embeddable":true,"href":"https:\/\/radiowebmx.com\/nota\/wp-json\/wp\/v2\/tags?post=24543"}],"curies":[{"name":"wp","href":"https:\/\/api.w.org\/{rel}","templated":true}]}}