{"id":24540,"date":"2016-07-12T10:39:50","date_gmt":"2016-07-12T15:39:50","guid":{"rendered":"https:\/\/radiowebmx.com\/nota\/?p=24540"},"modified":"2016-07-12T10:39:50","modified_gmt":"2016-07-12T15:39:50","slug":"atencion-a-los-ciudadanos-prioridad-de-la-administracion-estatal-silvano-aureoles","status":"publish","type":"post","link":"https:\/\/radiowebmx.com\/nota\/atencion-a-los-ciudadanos-prioridad-de-la-administracion-estatal-silvano-aureoles\/","title":{"rendered":"Atenci\u00f3n a los ciudadanos, prioridad de la administraci\u00f3n estatal: Silvano Aureoles"},"content":{"rendered":"<p><a href=\"https:\/\/radiowebmx.com\/nota\/wp-content\/uploads\/2016\/07\/929651a3-6b74-4f49-9386-0a9554c05622.jpeg\"><img loading=\"lazy\" decoding=\"async\" class=\"alignleft size-full wp-image-24541\" src=\"https:\/\/radiowebmx.com\/nota\/wp-content\/uploads\/2016\/07\/929651a3-6b74-4f49-9386-0a9554c05622.jpeg\" alt=\"929651a3-6b74-4f49-9386-0a9554c05622\" width=\"591\" height=\"281\" srcset=\"https:\/\/radiowebmx.com\/nota\/wp-content\/uploads\/2016\/07\/929651a3-6b74-4f49-9386-0a9554c05622.jpeg 591w, https:\/\/radiowebmx.com\/nota\/wp-content\/uploads\/2016\/07\/929651a3-6b74-4f49-9386-0a9554c05622-300x143.jpeg 300w\" sizes=\"auto, (max-width: 591px) 100vw, 591px\" \/><\/a> obra que tuvo una inversi\u00f3n cercana a los 17 millones de pesos.<\/p>\n<p>Durante su mensaje, Silvano Aureoles pidi\u00f3 a los ciudadanos evitar la mezquindad.&#8221;Una forma de limitar el desarrollo es con la confrontaci\u00f3n y el desencuentro. Si andamos en el pleito y en el jaloneo, no nos ayuda ya que genera inestabilidad innecesaria&#8221;.<\/p>\n<p>El mandatario estatal calific\u00f3 como positivo que Ayuntamiento, Gobierno del Estado y Federaci\u00f3n trabajen de manera coordinada para de esta manera resolver las demandas en los municipios.<\/p>\n<p>&#8220;Si no caminamos juntos no se atienden las necesidades de la gente. Hay muchas necesidades en los municipios y son el nivel de Gobierno que m\u00e1s dificultades tiene para enfrentarlo&#8221;.<\/p>\n<p>Por lo anterior el Gobernador de Michoac\u00e1n dej\u00f3 en claro que la administraci\u00f3n que encabeza est\u00e1 al servicio de los ciudadanos; ello sin importar los colores partidistas.<\/p>\n<p>De igual manera, inform\u00f3 que el Gobierno del Estado ha implementado diversos esquemas sociales para apoyar a los sectores m\u00e1s vulnerables como son: Beca Futuro, Palabra de Mujer, S\u00ed Alimenta, apoyos a ni\u00f1os y ni\u00f1as con discapacidad, entre otros. Esto como muestra del compromiso que tiene con los michoacanos.<\/p>\n<p>Al hablar de las necesidades de Turicato, Aureoles Conejo se comprometi\u00f3 a atender la solicitud para la construcci\u00f3n de la planta de aguas residuales en la comunidad de Puruar\u00e1n, as\u00ed como la edificaci\u00f3n del Centro de Salud Ampliado y apoyos para el campo como fertilizantes y semilla mejorada.<\/p>\n<p>En su oportunidad, el titular de la CEAC, Germ\u00e1n Tena Fern\u00e1ndez explic\u00f3 que la obra tuvo una inversi\u00f3n total de 16 millones 960 mil pesos , para la segunda etapa se destinaron 5.5 millones de pesos. Recursos aportados por el Ayuntamiento, Gobierno del Estado y Federaci\u00f3n.<\/p>\n<p>Esta planta de tratamiento de aguas residuales tendr\u00e1 una vida \u00fatil de 20 a\u00f1os en la que se tratar\u00e1n 6.5 litros por segundo y beneficiar\u00e1 a 3 mil 164 personas.<\/p>\n<p>La presidenta municipal de Turicato, Mar\u00eda Gisela V\u00e1zquez Alan\u00eds destac\u00f3 el respaldo y apoyo que en todo momento ha mostrado el Gobernador de Michoac\u00e1n.<\/p>\n","protected":false},"excerpt":{"rendered":"<p>Atenci\u00f3n de los ciudadanos, por encima de cualquier cosa, expres\u00f3 el Gobernador Constitucional Silvano Aureoles Conejo durante el inicio de la construcci\u00f3n de la \u00faltima etapa de la planta de tratamiento de aguas residuales del municipio de Turicato,<\/p>\n","protected":false},"author":1,"featured_media":24541,"comment_status":"open","ping_status":"open","sticky":false,"template":"","format":"standard","meta":{"footnotes":""},"categories":[14,3],"tags":[],"class_list":["post-24540","post","type-post","status-publish","format-standard","has-post-thumbnail","hentry","category-destacadas","category-gobierno-del-estado-de-michoacan"],"_links":{"self":[{"href":"https:\/\/radiowebmx.com\/nota\/wp-json\/wp\/v2\/posts\/24540","targetHints":{"allow":["GET"]}}],"collection":[{"href":"https:\/\/radiowebmx.com\/nota\/wp-json\/wp\/v2\/posts"}],"about":[{"href":"https:\/\/radiowebmx.com\/nota\/wp-json\/wp\/v2\/types\/post"}],"author":[{"embeddable":true,"href":"https:\/\/radiowebmx.com\/nota\/wp-json\/wp\/v2\/users\/1"}],"replies":[{"embeddable":true,"href":"https:\/\/radiowebmx.com\/nota\/wp-json\/wp\/v2\/comments?post=24540"}],"version-history":[{"count":1,"href":"https:\/\/radiowebmx.com\/nota\/wp-json\/wp\/v2\/posts\/24540\/revisions"}],"predecessor-version":[{"id":24542,"href":"https:\/\/radiowebmx.com\/nota\/wp-json\/wp\/v2\/posts\/24540\/revisions\/24542"}],"wp:featuredmedia":[{"embeddable":true,"href":"https:\/\/radiowebmx.com\/nota\/wp-json\/wp\/v2\/media\/24541"}],"wp:attachment":[{"href":"https:\/\/radiowebmx.com\/nota\/wp-json\/wp\/v2\/media?parent=24540"}],"wp:term":[{"taxonomy":"category","embeddable":true,"href":"https:\/\/radiowebmx.com\/nota\/wp-json\/wp\/v2\/categories?post=24540"},{"taxonomy":"post_tag","embeddable":true,"href":"https:\/\/radiowebmx.com\/nota\/wp-json\/wp\/v2\/tags?post=24540"}],"curies":[{"name":"wp","href":"https:\/\/api.w.org\/{rel}","templated":true}]}}