{"id":24519,"date":"2016-07-08T16:39:54","date_gmt":"2016-07-08T21:39:54","guid":{"rendered":"https:\/\/radiowebmx.com\/nota\/?p=24519"},"modified":"2016-07-08T16:39:54","modified_gmt":"2016-07-08T21:39:54","slug":"alfonso-martinez-apuesta-al-desarrollo-regional-con-lazaro-cardenas","status":"publish","type":"post","link":"https:\/\/radiowebmx.com\/nota\/alfonso-martinez-apuesta-al-desarrollo-regional-con-lazaro-cardenas\/","title":{"rendered":"Alfonso Mart\u00ednez apuesta al desarrollo regional con L\u00e1zaro C\u00e1rdenas"},"content":{"rendered":"<p><a href=\"https:\/\/radiowebmx.com\/nota\/wp-content\/uploads\/2016\/07\/ba0df252-11b2-4acc-ba24-897b925a61c1.jpg\"><img loading=\"lazy\" decoding=\"async\" class=\"alignleft size-full wp-image-24520\" src=\"https:\/\/radiowebmx.com\/nota\/wp-content\/uploads\/2016\/07\/ba0df252-11b2-4acc-ba24-897b925a61c1.jpg\" alt=\"ba0df252-11b2-4acc-ba24-897b925a61c1\" width=\"591\" height=\"332\" srcset=\"https:\/\/radiowebmx.com\/nota\/wp-content\/uploads\/2016\/07\/ba0df252-11b2-4acc-ba24-897b925a61c1.jpg 591w, https:\/\/radiowebmx.com\/nota\/wp-content\/uploads\/2016\/07\/ba0df252-11b2-4acc-ba24-897b925a61c1-300x169.jpg 300w, https:\/\/radiowebmx.com\/nota\/wp-content\/uploads\/2016\/07\/ba0df252-11b2-4acc-ba24-897b925a61c1-128x72.jpg 128w\" sizes=\"auto, (max-width: 591px) 100vw, 591px\" \/><\/a>Continuando con las actividades tendientes a la reactivaci\u00f3n econ\u00f3mica en Morelia, y con miras a seguir fortaleciendo los lazos de amistad y generar intercambios econ\u00f3micos tur\u00edsticos y comerciales con la Rep\u00fablica Popular de China, el Presidente Municipal de Morelia, Alfonso Mart\u00ednez Alc\u00e1zar, acompa\u00f1\u00f3 este viernes al Embajador en M\u00e9xico de la Rep\u00fablica Popular de China Qiu Xiaoqi a la recepci\u00f3n que prepar\u00f3 el Municipio de L\u00e1zaro C\u00e1rdenas.<\/p>\n<p>Con la Presencia del Presidente Municipal de L\u00e1zaro C\u00e1rdenas, Armando Carrillo Barrag\u00e1n; Aviud Rosas Ruiz, Presidente Municipal de la Uni\u00f3n Guerrero; Antonio Soto, Secretario de Desarrollo Econ\u00f3mico Estatal, en representaci\u00f3n del Gobernador, Silvano Aureoles Conejo; Liliana L\u00f3pez Buenrostro, Secretaria de Turismo del Estado; adem\u00e1s de diputados Federales del estado de Guerrero y empresarios de L\u00e1zaro C\u00e1rdenas; Mart\u00ednez Alc\u00e1zar expres\u00f3 su benepl\u00e1cito por continuar fortaleciendo los lazos comerciales con la Rep\u00fablica China a trav\u00e9s de las muestras de la riqueza cultural, econ\u00f3mica y tur\u00edstica de los municipios de la regi\u00f3n, a los cuales llam\u00f3 a unirse en pro de estrechar lazos comerciales con pa\u00edses del exterior aprovechando la entrada que representa el Puerto para el ingreso de la inversi\u00f3n asi\u00e1tica a nuestro pa\u00eds.<\/p>\n<p>Puntualiz\u00f3 la importancia que podr\u00eda suponer la colaboraci\u00f3n que los Chinos desarrollen en la expansi\u00f3n y modernizaci\u00f3n del Aeropuerto Internacional de Morelia, Francisco J. Mujica y el del Puerto de L\u00e1zaro C\u00e1rdenas, elementos imperativos para el fortalecimiento comercial, siendo esta, actividad clave para la entrada econ\u00f3mica de Asia a Michoac\u00e1n.<\/p>\n<p>Sostuvo que como lo hizo en la Capital Michoacana, resulta de suma importancia para el puerto de L\u00e1zaro C\u00e1rdenas, presentar a la comitiva China un estudio detallado de fortalezas y potencialidades comerciales, que pueda derivar en un notable desarrollo econ\u00f3mico de la regi\u00f3n.<\/p>\n<p>En su intervenci\u00f3n, el Presidente Municipal de L\u00e1zaro C\u00e1rdenas, Armando Carrillo Barrag\u00e1n, calific\u00f3 este encuentro como hist\u00f3rico, ya que representa un antes y un despu\u00e9s para el futuro econ\u00f3mico del Puerto, de la regi\u00f3n y del pa\u00eds.<\/p>\n<p>Como lo hiciera el Jefe de la Comuna Moreliana, Alfonso Mart\u00ednez, se pronunci\u00f3 a favor de la uni\u00f3n de los municipios que forman parte de lo que se pretende sea la nueva Zona Econ\u00f3mica Especial, raz\u00f3n por la que expres\u00f3 su alegr\u00eda por la presencia de los titulares de los Ayuntamientos de Michoac\u00e1n y de La Uni\u00f3n, municipio de Guerrero.<\/p>\n<p>Por \u00faltimo el Embajador en M\u00e9xico de la Rep\u00fablica Popular de China, Qiu Xiaoqi, expres\u00f3 el inter\u00e9s de su pa\u00eds por conocer a fondo la riqueza de este corredor, y contribuir en la construcci\u00f3n de lo que podr\u00eda ser una nueva zona econ\u00f3mica, que erija a municipios como Morelia, a ser una de las potencias econ\u00f3micas de la regi\u00f3n, estrategia que afirm\u00f3 ha dado excelentes resultados en su pa\u00eds.<\/p>\n","protected":false},"excerpt":{"rendered":"<p>Continuando con las actividades tendientes a la reactivaci\u00f3n econ\u00f3mica en Morelia, y con miras a seguir fortaleciendo los lazos de amistad y generar intercambios econ\u00f3micos tur\u00edsticos y comerciales con la Rep\u00fablica Popular de China,<\/p>\n","protected":false},"author":1,"featured_media":24520,"comment_status":"open","ping_status":"open","sticky":false,"template":"","format":"standard","meta":{"footnotes":""},"categories":[14,9],"tags":[],"class_list":["post-24519","post","type-post","status-publish","format-standard","has-post-thumbnail","hentry","category-destacadas","category-morelia"],"_links":{"self":[{"href":"https:\/\/radiowebmx.com\/nota\/wp-json\/wp\/v2\/posts\/24519","targetHints":{"allow":["GET"]}}],"collection":[{"href":"https:\/\/radiowebmx.com\/nota\/wp-json\/wp\/v2\/posts"}],"about":[{"href":"https:\/\/radiowebmx.com\/nota\/wp-json\/wp\/v2\/types\/post"}],"author":[{"embeddable":true,"href":"https:\/\/radiowebmx.com\/nota\/wp-json\/wp\/v2\/users\/1"}],"replies":[{"embeddable":true,"href":"https:\/\/radiowebmx.com\/nota\/wp-json\/wp\/v2\/comments?post=24519"}],"version-history":[{"count":2,"href":"https:\/\/radiowebmx.com\/nota\/wp-json\/wp\/v2\/posts\/24519\/revisions"}],"predecessor-version":[{"id":24522,"href":"https:\/\/radiowebmx.com\/nota\/wp-json\/wp\/v2\/posts\/24519\/revisions\/24522"}],"wp:featuredmedia":[{"embeddable":true,"href":"https:\/\/radiowebmx.com\/nota\/wp-json\/wp\/v2\/media\/24520"}],"wp:attachment":[{"href":"https:\/\/radiowebmx.com\/nota\/wp-json\/wp\/v2\/media?parent=24519"}],"wp:term":[{"taxonomy":"category","embeddable":true,"href":"https:\/\/radiowebmx.com\/nota\/wp-json\/wp\/v2\/categories?post=24519"},{"taxonomy":"post_tag","embeddable":true,"href":"https:\/\/radiowebmx.com\/nota\/wp-json\/wp\/v2\/tags?post=24519"}],"curies":[{"name":"wp","href":"https:\/\/api.w.org\/{rel}","templated":true}]}}