{"id":24513,"date":"2016-07-08T16:32:52","date_gmt":"2016-07-08T21:32:52","guid":{"rendered":"https:\/\/radiowebmx.com\/nota\/?p=24513"},"modified":"2016-07-08T16:32:52","modified_gmt":"2016-07-08T21:32:52","slug":"supervisa-gobernador-obras-de-impacto-social-en-uruapan","status":"publish","type":"post","link":"https:\/\/radiowebmx.com\/nota\/supervisa-gobernador-obras-de-impacto-social-en-uruapan\/","title":{"rendered":"Supervisa Gobernador obras de impacto social en Uruapan"},"content":{"rendered":"<p><a href=\"https:\/\/radiowebmx.com\/nota\/wp-content\/uploads\/2016\/07\/5d517c47-64e2-45ac-bdf4-2e2585332974.jpeg\"><img loading=\"lazy\" decoding=\"async\" class=\"alignleft size-full wp-image-24514\" src=\"https:\/\/radiowebmx.com\/nota\/wp-content\/uploads\/2016\/07\/5d517c47-64e2-45ac-bdf4-2e2585332974.jpeg\" alt=\"5d517c47-64e2-45ac-bdf4-2e2585332974\" width=\"591\" height=\"306\" srcset=\"https:\/\/radiowebmx.com\/nota\/wp-content\/uploads\/2016\/07\/5d517c47-64e2-45ac-bdf4-2e2585332974.jpeg 591w, https:\/\/radiowebmx.com\/nota\/wp-content\/uploads\/2016\/07\/5d517c47-64e2-45ac-bdf4-2e2585332974-300x155.jpeg 300w\" sizes=\"auto, (max-width: 591px) 100vw, 591px\" \/><\/a>El Gobernador de Michoac\u00e1n Silvano Aureoles Conejo, supervis\u00f3 en Uruapan los avances de la construcci\u00f3n de la planta tratadora de aguas residuales San Antonio, as\u00ed como la edificaci\u00f3n del Auditorio de Usos M\u00faltiples de la Unidad Deportiva &#8220;Ignacio L\u00f3pez Ray\u00f3n&#8221;, trabajos que tendr\u00e1n una inversi\u00f3n superior a los 200 millones de pesos y ser\u00e1n de gran impacto social para el municipio.<\/p>\n<p>En un primer punto, el mandatario estatal acompa\u00f1ado del presidente municipal de Uruapan, V\u00edctor Manuel Manr\u00edquez Gonz\u00e1lez, revis\u00f3 la construcci\u00f3n de la planta tratadora de aguas residuales San Antonio, en la que se invirtieron 178 millones 126 mil pesos y que registra un avance del 98 por ciento.<\/p>\n<p>Con estos trabajos, explic\u00f3 el director de Obras P\u00fablicas del Ayuntamiento, Juan Manzo Rodr\u00edguez, se tendr\u00e1 la capacidad de tratamiento de 300 litros de agua por segundo, lo que significa duplicar el saneamiento, pues anteriormente era de 120 litros por segundo.<\/p>\n<p>Asimismo, la planta tratadora de aguas residuales San Antonio beneficiar\u00e1 a la poblaci\u00f3n que habita al oriente del municipio de Uruapan.<\/p>\n<p>Es importante destacar que en esta obra la Federaci\u00f3n aport\u00f3 124 millones 688 mil pesos, mientras que la autoridad municipal destin\u00f3 53 millones 437 mil pesos para esta planta que en breve podr\u00e1 estar en funcionamiento.<\/p>\n<p>Ah\u00ed el mandatario estatal entreg\u00f3 tres veh\u00edculos a la Comisi\u00f3n de Agua Potable, Alcantarillado y Saneamiento (Capasu), unidades que servir\u00e1n para el trabajo que desempe\u00f1a el personal de este organismo.<\/p>\n<p>Enseguida, el Gobernador visit\u00f3 la construcci\u00f3n del Auditorio de Usos M\u00faltiples de la Unidad Deportiva &#8220;Ignacio L\u00f3pez Ray\u00f3n&#8221;, en la que se invertir\u00e1n 28 millones 700 mil pesos y que registra un avance del 95 por ciento.<\/p>\n<p>En esta obra se edifican un sal\u00f3n de jazz y taekwondo, gimnasio, cancha de f\u00fatbol, cafeter\u00eda, espacios de servicios y \u00e1rea administrativa en 2 mil 700 metros cuadrados.<\/p>\n<p>Para la construcci\u00f3n del Auditorio de Usos M\u00faltiples se destinaron 28 millones 700 mil pesos del programa Fondo de Contingencias Econ\u00f3micas 2015, la cual estar\u00e1 concluida en un mes aproximadamente.<\/p>\n<p>A esta actividad asistieron el secretario Gobierno, Adri\u00e1n L\u00f3pez Sol\u00eds; el secretario de Seguridad P\u00fablica, Jos\u00e9 Antonio Bernal Bustamante; el secretario del Medio Ambiente, Recursos Naturales y Cambio Clim\u00e1tico (Semarnacc), Ricardo Luna Garc\u00eda; el titular de la Comisi\u00f3n Estatal de Agua y Gesti\u00f3n de Cuencas, Germ\u00e1n Tena Fern\u00e1ndez; la delegada de la PGR en Michoac\u00e1n, Bertha Paredes Gardu\u00f1o; el comisario estatal de la Polic\u00eda Federal, Israel Galv\u00e1n Jaime; el secretario particular del Gobernador, Marco Aurelio Nava Cervantes; el diputado local, \u00c1ngel Cedillo Hern\u00e1ndez, entre otros.<\/p>\n","protected":false},"excerpt":{"rendered":"<p>El Gobernador de Michoac\u00e1n Silvano Aureoles Conejo, supervis\u00f3 en Uruapan los avances de la construcci\u00f3n de la planta tratadora de aguas residuales San Antonio, <\/p>\n","protected":false},"author":1,"featured_media":24514,"comment_status":"open","ping_status":"open","sticky":false,"template":"","format":"standard","meta":{"footnotes":""},"categories":[14,3],"tags":[],"class_list":["post-24513","post","type-post","status-publish","format-standard","has-post-thumbnail","hentry","category-destacadas","category-gobierno-del-estado-de-michoacan"],"_links":{"self":[{"href":"https:\/\/radiowebmx.com\/nota\/wp-json\/wp\/v2\/posts\/24513","targetHints":{"allow":["GET"]}}],"collection":[{"href":"https:\/\/radiowebmx.com\/nota\/wp-json\/wp\/v2\/posts"}],"about":[{"href":"https:\/\/radiowebmx.com\/nota\/wp-json\/wp\/v2\/types\/post"}],"author":[{"embeddable":true,"href":"https:\/\/radiowebmx.com\/nota\/wp-json\/wp\/v2\/users\/1"}],"replies":[{"embeddable":true,"href":"https:\/\/radiowebmx.com\/nota\/wp-json\/wp\/v2\/comments?post=24513"}],"version-history":[{"count":1,"href":"https:\/\/radiowebmx.com\/nota\/wp-json\/wp\/v2\/posts\/24513\/revisions"}],"predecessor-version":[{"id":24515,"href":"https:\/\/radiowebmx.com\/nota\/wp-json\/wp\/v2\/posts\/24513\/revisions\/24515"}],"wp:featuredmedia":[{"embeddable":true,"href":"https:\/\/radiowebmx.com\/nota\/wp-json\/wp\/v2\/media\/24514"}],"wp:attachment":[{"href":"https:\/\/radiowebmx.com\/nota\/wp-json\/wp\/v2\/media?parent=24513"}],"wp:term":[{"taxonomy":"category","embeddable":true,"href":"https:\/\/radiowebmx.com\/nota\/wp-json\/wp\/v2\/categories?post=24513"},{"taxonomy":"post_tag","embeddable":true,"href":"https:\/\/radiowebmx.com\/nota\/wp-json\/wp\/v2\/tags?post=24513"}],"curies":[{"name":"wp","href":"https:\/\/api.w.org\/{rel}","templated":true}]}}