{"id":24478,"date":"2016-07-05T18:52:11","date_gmt":"2016-07-05T23:52:11","guid":{"rendered":"https:\/\/radiowebmx.com\/nota\/?p=24478"},"modified":"2016-07-05T18:52:11","modified_gmt":"2016-07-05T23:52:11","slug":"avanza-michoacan-gracias-al-apoyo-de-pena-nieto-adriana-hernandez","status":"publish","type":"post","link":"https:\/\/radiowebmx.com\/nota\/avanza-michoacan-gracias-al-apoyo-de-pena-nieto-adriana-hernandez\/","title":{"rendered":"Avanza Michoac\u00e1n, gracias al apoyo de Pe\u00f1a Nieto: Adriana Hern\u00e1ndez"},"content":{"rendered":"<p class=\"x_MsoNormal\"><span lang=\"ES-TRAD\"> <a href=\"https:\/\/radiowebmx.com\/nota\/wp-content\/uploads\/2016\/07\/DSC_6631.jpg\"><img loading=\"lazy\" decoding=\"async\" class=\"alignleft size-full wp-image-24479\" src=\"https:\/\/radiowebmx.com\/nota\/wp-content\/uploads\/2016\/07\/DSC_6631.jpg\" alt=\"DSC_6631\" width=\"591\" height=\"640\" srcset=\"https:\/\/radiowebmx.com\/nota\/wp-content\/uploads\/2016\/07\/DSC_6631.jpg 591w, https:\/\/radiowebmx.com\/nota\/wp-content\/uploads\/2016\/07\/DSC_6631-277x300.jpg 277w\" sizes=\"auto, (max-width: 591px) 100vw, 591px\" \/><\/a>Michoac\u00e1n no estar\u00eda viviendo los avances que hoy se perciben, si no fuera por el apoyo indiscutible que se materializa en las acciones del presidente Enrique Pe\u00f1a Nieto, afirm\u00f3 la diputada Adriana Hern\u00e1ndez \u00cd\u00f1iguez.<\/span><\/p>\n<p class=\"x_MsoNormal\"><span lang=\"ES-TRAD\">\u00a0<\/span><\/p>\n<p class=\"x_MsoNormal\"><span lang=\"ES-TRAD\">Entrevistada en el marco de la visita realizada por el primer mandatario a la capital del estado, la coordinadora del Grupo Parlamentario del PRI consider\u00f3 que la entrega de 600 tractores y los planes que se tienen para los pr\u00f3ximos a\u00f1os en materia agropecuaria, garantizan la autenticidad de los esfuerzos por impulsar el desarrollo de la entidad.<\/span><\/p>\n<p class=\"x_MsoNormal\"><span lang=\"ES-TRAD\">\u00a0<\/span><\/p>\n<p class=\"x_MsoNormal\"><span lang=\"ES-TRAD\">Hern\u00e1ndez \u00cd\u00f1iguez record\u00f3 que, en el tema del campo, fue su grupo parlamentario el que impuls\u00f3 un importante incremento presupuestal para las acciones en favor de los campesinos, quienes representan la gran fuerza de trabajo que permite a la poblaci\u00f3n urbana contar con los alimentos que requiere, adem\u00e1s que se consolida como el m\u00e1s importante factor en la actividad econ\u00f3mica.<\/span><\/p>\n<p class=\"x_MsoNormal\"><span lang=\"ES-TRAD\">\u00a0<\/span><\/p>\n<p class=\"x_MsoNormal\"><span lang=\"ES-TRAD\">Puntualiz\u00f3 que otras acciones del gobierno federal, han sido bien aprovechadas por el gobernador Silvano Aureoles, como los mil 800 millones para infraestructura educativa y el apoyo sin precedentes para que el gobierno estatal pudiera echar a andar el programa de becas para estudiantes.<\/span><\/p>\n<p class=\"x_MsoNormal\"><span lang=\"ES-TRAD\">\u00a0<\/span><\/p>\n<p class=\"x_MsoNormal\"><span lang=\"ES-TRAD\">Record\u00f3 la reciente visita de Jos\u00e9 Eduardo Calzada Rovirosa, Secretario de Agricultura, Ganader\u00eda, Desarrollo Rural, Pesca y Alimentaci\u00f3n (SAGARPA), con el anuncio de m\u00e1s apoyos para los productores ganaderos, as\u00ed como el programa de financiamiento para cultivos en los que despu\u00e9s de la siembra, se requiere la espera de varios a\u00f1os para empezar a ver la producci\u00f3n.<\/span><\/p>\n<p class=\"x_MsoNormal\"><span lang=\"ES-TRAD\">\u00a0<\/span><\/p>\n<p class=\"x_MsoNormal\"><span lang=\"ES-TRAD\">Finalmente, la legisladora por La Piedad, insisti\u00f3 en que sin el acompa\u00f1amiento del gobierno federal que encabeza Enrique Pe\u00f1a Nieto, el Gobierno del Estado tendr\u00eda serios problemas para echar a andar estos programas que benefician a la poblaci\u00f3n y generan impulso a la econom\u00eda y el empleo, por lo que reconoci\u00f3 que el titular del Ejecutivo deje de lado los colores pol\u00edticos y trabaje coordinadamente con otras instancias para beneficio de los michoacanos.<\/span><\/p>\n","protected":false},"excerpt":{"rendered":"<p>Michoac\u00e1n no estar\u00eda viviendo los avances que hoy se perciben, si no fuera por el apoyo indiscutible que se materializa en las acciones del presidente Enrique Pe\u00f1a Nieto, afirm\u00f3 la diputada Adriana Hern\u00e1ndez \u00cd\u00f1iguez.<\/p>\n","protected":false},"author":1,"featured_media":0,"comment_status":"open","ping_status":"open","sticky":false,"template":"","format":"standard","meta":{"footnotes":""},"categories":[6,7],"tags":[],"class_list":["post-24478","post","type-post","status-publish","format-standard","hentry","category-congreso-del-estado","category-grupo-parlamentario-del-pri"],"_links":{"self":[{"href":"https:\/\/radiowebmx.com\/nota\/wp-json\/wp\/v2\/posts\/24478","targetHints":{"allow":["GET"]}}],"collection":[{"href":"https:\/\/radiowebmx.com\/nota\/wp-json\/wp\/v2\/posts"}],"about":[{"href":"https:\/\/radiowebmx.com\/nota\/wp-json\/wp\/v2\/types\/post"}],"author":[{"embeddable":true,"href":"https:\/\/radiowebmx.com\/nota\/wp-json\/wp\/v2\/users\/1"}],"replies":[{"embeddable":true,"href":"https:\/\/radiowebmx.com\/nota\/wp-json\/wp\/v2\/comments?post=24478"}],"version-history":[{"count":1,"href":"https:\/\/radiowebmx.com\/nota\/wp-json\/wp\/v2\/posts\/24478\/revisions"}],"predecessor-version":[{"id":24480,"href":"https:\/\/radiowebmx.com\/nota\/wp-json\/wp\/v2\/posts\/24478\/revisions\/24480"}],"wp:attachment":[{"href":"https:\/\/radiowebmx.com\/nota\/wp-json\/wp\/v2\/media?parent=24478"}],"wp:term":[{"taxonomy":"category","embeddable":true,"href":"https:\/\/radiowebmx.com\/nota\/wp-json\/wp\/v2\/categories?post=24478"},{"taxonomy":"post_tag","embeddable":true,"href":"https:\/\/radiowebmx.com\/nota\/wp-json\/wp\/v2\/tags?post=24478"}],"curies":[{"name":"wp","href":"https:\/\/api.w.org\/{rel}","templated":true}]}}