{"id":2447,"date":"2013-04-30T09:58:06","date_gmt":"2013-04-30T14:58:06","guid":{"rendered":"https:\/\/radiowebmx.com\/nota\/?p=2447"},"modified":"2013-04-30T09:58:06","modified_gmt":"2013-04-30T14:58:06","slug":"clup-soroptimista-conmemora-25-anos-de-su-fundacion","status":"publish","type":"post","link":"https:\/\/radiowebmx.com\/nota\/clup-soroptimista-conmemora-25-anos-de-su-fundacion\/","title":{"rendered":"CLUP SOROPTIMISTA CONMEMORA 25 A\u00d1OS DE SU FUNDACI\u00d3N"},"content":{"rendered":"<p>&nbsp;<\/p>\n<p><img loading=\"lazy\" decoding=\"async\" class=\"alignleft size-full wp-image-2448\" title=\"Informe 187\" src=\"https:\/\/radiowebmx.com\/nota\/wp-content\/uploads\/2013\/04\/Informe-187.jpg\" alt=\"\" width=\"591\" height=\"231\" \/><\/p>\n<p>Autoridades estatales y \u00a0municipales reconocieron el trabajo que a lo largo de su trayectoria ha realizado el Club Soroptimista Internacional de Uruapan, Regi\u00f3n M\u00e9xico-Centroam\u00e9rica, a favor de los m\u00e1s necesitados.<\/p>\n<p>&nbsp;<\/p>\n<p>En el marco del XXV aniversario de su fundaci\u00f3n, estuvo presente el secretario de Pol\u00edtica Social, Rodrigo Maldonado L\u00f3pez, en representaci\u00f3n del gobernador de Michoac\u00e1n, Jes\u00fas Reyna Garc\u00eda, de igual forma asisti\u00f3 la secretaria de la Mujer, Consuelo Muro Urista; el secretario de Administraci\u00f3n del Ayuntamiento de Uruapan, Roberto Naranjo, en representaci\u00f3n del alcalde, Aldo Mac\u00edas Alejandres; as\u00ed como el director de la Casa de las Artesan\u00edas, Rafael Paz Vega.<\/p>\n<p>&nbsp;<\/p>\n<p>Durante el evento, integrantes de la asociaci\u00f3n compartieron algunas de las acciones realizadas en los veinticinco a\u00f1os de su creaci\u00f3n, tras la entrega de reconocimientos a las socias fundadoras y activas del Club en Uruapan; la presidenta del Club Soroptimista, Berta Vega Ruiz, coment\u00f3 que a m\u00e1s de dos d\u00e9cadas de integrarse se han logrado importantes resultados.<\/p>\n<p>&nbsp;<\/p>\n<p>Agradeci\u00f3 a las personas que han colaborado con el Club en beneficio de mujeres, ni\u00f1as y ni\u00f1os, al tiempo que invit\u00f3 a sus compa\u00f1eras a continuar trabajando a favor de los que menos tienen.<\/p>\n<p>&nbsp;<\/p>\n<p>El secretario de Pol\u00edtica Social, Rodrigo Maldonado L\u00f3pez, felicit\u00f3 a las integrantes, tras se\u00f1alar que han sido el conducto para ayudar a mucha gente en Uruapan.<\/p>\n<p>&nbsp;<\/p>\n<p>\u201cDesearles no s\u00f3lo 25 a\u00f1os m\u00e1s sino que este legado prevalezca para que muchas generaciones contin\u00faen con esta labor que han venido haciendo\u201d. De igual forma manifest\u00f3 que la sociedad civil puede encontrar en el Poder Ejecutivo aliados para el desarrollo de las actividades que realizan.<\/p>\n<p>&nbsp;<\/p>\n<p>Por su parte, la secretaria de la Mujer, Consuelo Muro Urista, reconoci\u00f3 la labor que a lo largo de veinticinco a\u00f1os ha llevado a cabo el Club Soroptimista y destac\u00f3 el trabajo en equipo y la dedicaci\u00f3n de sus integrantes.<\/p>\n<p>&nbsp;<\/p>\n<p>\u201cLas instituciones gubernamentales, el Poder Legislativo, y el ejemplo de la sociedad civil es la amalgama que se requiere para ese pacto de trabajar por los dem\u00e1s y hacer el mejor esfuerzo\u201d, afirm\u00f3.<\/p>\n<p>&nbsp;<\/p>\n<p>En su turno, el secretario de la Administraci\u00f3n del Ayuntamiento de Uruapan, Roberto Naranjo, hizo un reconocimiento a la labor altruista que el Club tiene en beneficio de la sociedad uruapense, \u201cla fuerza y uni\u00f3n de ayudar a quienes m\u00e1s lo necesitan\u201d, dijo.<\/p>\n<p>&nbsp;<\/p>\n<p>Durante el evento tambi\u00e9n estuvieron presentes, los diputados locales, Rigel Mac\u00edas y V\u00edctor Manuel Barrag\u00e1n; el obispo de Tac\u00e1mbaro, Luis Castro y autoridades municipales.<\/p>\n<p>&nbsp;<\/p>\n<p>&nbsp;<\/p>\n<p>&nbsp;<\/p>\n<p>&nbsp;<\/p>\n<p align=\"center\">\n<p>&nbsp;<\/p>\n","protected":false},"excerpt":{"rendered":"<p>Autoridades estatales y  municipales reconocieron el trabajo que a lo largo de su trayectoria ha realizado el Club Soroptimista Internacional de Uruapan, Regi\u00f3n M\u00e9xico-Centroam\u00e9rica, a favor de los m\u00e1s necesitados.<\/p>\n","protected":false},"author":1,"featured_media":0,"comment_status":"open","ping_status":"open","sticky":false,"template":"","format":"standard","meta":{"footnotes":""},"categories":[14,3],"tags":[],"class_list":["post-2447","post","type-post","status-publish","format-standard","hentry","category-destacadas","category-gobierno-del-estado-de-michoacan"],"_links":{"self":[{"href":"https:\/\/radiowebmx.com\/nota\/wp-json\/wp\/v2\/posts\/2447","targetHints":{"allow":["GET"]}}],"collection":[{"href":"https:\/\/radiowebmx.com\/nota\/wp-json\/wp\/v2\/posts"}],"about":[{"href":"https:\/\/radiowebmx.com\/nota\/wp-json\/wp\/v2\/types\/post"}],"author":[{"embeddable":true,"href":"https:\/\/radiowebmx.com\/nota\/wp-json\/wp\/v2\/users\/1"}],"replies":[{"embeddable":true,"href":"https:\/\/radiowebmx.com\/nota\/wp-json\/wp\/v2\/comments?post=2447"}],"version-history":[{"count":1,"href":"https:\/\/radiowebmx.com\/nota\/wp-json\/wp\/v2\/posts\/2447\/revisions"}],"predecessor-version":[{"id":2449,"href":"https:\/\/radiowebmx.com\/nota\/wp-json\/wp\/v2\/posts\/2447\/revisions\/2449"}],"wp:attachment":[{"href":"https:\/\/radiowebmx.com\/nota\/wp-json\/wp\/v2\/media?parent=2447"}],"wp:term":[{"taxonomy":"category","embeddable":true,"href":"https:\/\/radiowebmx.com\/nota\/wp-json\/wp\/v2\/categories?post=2447"},{"taxonomy":"post_tag","embeddable":true,"href":"https:\/\/radiowebmx.com\/nota\/wp-json\/wp\/v2\/tags?post=2447"}],"curies":[{"name":"wp","href":"https:\/\/api.w.org\/{rel}","templated":true}]}}