{"id":24464,"date":"2016-07-04T19:39:10","date_gmt":"2016-07-05T00:39:10","guid":{"rendered":"https:\/\/radiowebmx.com\/nota\/?p=24464"},"modified":"2016-07-04T19:39:10","modified_gmt":"2016-07-05T00:39:10","slug":"ijum-firma-convenio-para-instalar-comedores-comunitarios-para-estudiantes","status":"publish","type":"post","link":"https:\/\/radiowebmx.com\/nota\/ijum-firma-convenio-para-instalar-comedores-comunitarios-para-estudiantes\/","title":{"rendered":"IJUM firma convenio para instalar comedores comunitarios para estudiantes"},"content":{"rendered":"<p><a href=\"https:\/\/radiowebmx.com\/nota\/wp-content\/uploads\/2016\/07\/6369f147-cddf-4d7e-8a71-6dab5bff52ed.jpg\"><img loading=\"lazy\" decoding=\"async\" class=\"alignleft size-full wp-image-24465\" src=\"https:\/\/radiowebmx.com\/nota\/wp-content\/uploads\/2016\/07\/6369f147-cddf-4d7e-8a71-6dab5bff52ed.jpg\" alt=\"6369f147-cddf-4d7e-8a71-6dab5bff52ed\" width=\"591\" height=\"333\" srcset=\"https:\/\/radiowebmx.com\/nota\/wp-content\/uploads\/2016\/07\/6369f147-cddf-4d7e-8a71-6dab5bff52ed.jpg 591w, https:\/\/radiowebmx.com\/nota\/wp-content\/uploads\/2016\/07\/6369f147-cddf-4d7e-8a71-6dab5bff52ed-300x169.jpg 300w, https:\/\/radiowebmx.com\/nota\/wp-content\/uploads\/2016\/07\/6369f147-cddf-4d7e-8a71-6dab5bff52ed-128x72.jpg 128w\" sizes=\"auto, (max-width: 591px) 100vw, 591px\" \/><\/a>Con el objetivo de brindar facilidades para que los j\u00f3venes puedan terminar sus estudios y apoyar a las familias morelianas que as\u00ed lo requieran, el Ayuntamiento que encabeza el Alcalde, Alfonso Mart\u00ednez Alc\u00e1zar, a trav\u00e9s del Instituto de la Juventud Moreliana (IJUM), firm\u00f3 un convenio de colaboraci\u00f3n con el Instituto Mexicano de la Juventud (IMJUVE) para la creaci\u00f3n de comedores comunitarios.<\/p>\n<p>El Presidente Municipal, Alfonso Mart\u00ednez Alc\u00e1zar, la Directora del IJUM, Ana Cristina Prado Mart\u00ednez y el S\u00edndico, Fabio Sistos Rangel, firmaron el documento que establece la creaci\u00f3n de cuatro comedores comunitarios para beneficiar a estudiantes de nivel secundaria y para aquellos padres j\u00f3venes que requieran de este servicio.<\/p>\n<p>Mart\u00ednez Alc\u00e1zar, resalt\u00f3 que esta acci\u00f3n que se emprender\u00e1 en coordinaci\u00f3n con el Gobierno Federal beneficiar\u00e1 aproximadamente a mil 800 j\u00f3venes del municipio, lo que refrenda el compromiso de esta Administraci\u00f3n por implementar los programas necesarios para apoyar a quienes son el futuro de esta ciudad y del pa\u00eds.<\/p>\n<p>Bajo este esquema, el Alcalde, Alfonso Mart\u00ednez instruy\u00f3 a Ana Prado Mart\u00ednez para comenzar con las gestiones necesarias en aras de que los cuatro comedores comunitarios queden instalados lo m\u00e1s pronto posible.<\/p>\n<p>Por su parte, Ana Cristina Prado, especific\u00f3 que el convenio firmado es por 150 mil pesos los cuales pondr\u00e1 el IMJUVE y una cantidad similar el Ayuntamiento por lo que contar\u00e1n con 300 mil pesos para echar andar este programa de gran apoyo para los j\u00f3venes.<\/p>\n<p>\u201cLos 150 mil pesos que pone el INJUVE son para insumos y todo el material que se necesite, mientras que los 150 mil que pone el Ayuntamiento se utilizar\u00e1n para el tema de infraestructura\u201d, precis\u00f3.<\/p>\n<p>Los comedores que se tienen contemplados instalar son en la Escuela Secundaria T\u00e9cnica 136, en la Escuela Secundaria T\u00e9cnica 155, en el Centro Comunitario de la Colonia 23 de Marzo y uno m\u00e1s en el punto de enlace de la Tenencia Morelos.<\/p>\n<p>Prado Mart\u00ednez, mencion\u00f3 que la idea es llevar a estos comedores comunitarios los servicios que ofrece el Instituto de la Juventud que son algunas platicas, talleres, ferias de salud, entre otros, todo\u00a0 ello\u00a0 para que los j\u00f3venes que estudian tengan m\u00e1s facilidades y puedan culminarlos.<\/p>\n<p>Asimismo espec\u00edfico que en las secundarias beneficiadas s\u00f3lo se apoyar\u00e1 a quienes estudian en ellas, mientras que en los otros se dejar\u00e1 abierto; en ambos casos se realizar\u00e1 un estudio socioecon\u00f3mico para determinar si necesitan de este apoyo y un estudio por reconocimiento a la aportaci\u00f3n de actividades deportivas, acad\u00e9micas, sociales, entre otras.<\/p>\n","protected":false},"excerpt":{"rendered":"<p>Con el objetivo de brindar facilidades para que los j\u00f3venes puedan terminar sus estudios y apoyar a las familias morelianas que as\u00ed lo requieran, el Ayuntamiento que encabeza el Alcalde, Alfonso Mart\u00ednez Alc\u00e1zar, a trav\u00e9s del IJUM, firm\u00f3 un convenio de colaboraci\u00f3n con el Instituto Mexicano de la Juventud (IMJUVE) para la creaci\u00f3n de comedores comunitarios.<\/p>\n","protected":false},"author":1,"featured_media":24465,"comment_status":"open","ping_status":"open","sticky":false,"template":"","format":"standard","meta":{"footnotes":""},"categories":[14,9],"tags":[],"class_list":["post-24464","post","type-post","status-publish","format-standard","has-post-thumbnail","hentry","category-destacadas","category-morelia"],"_links":{"self":[{"href":"https:\/\/radiowebmx.com\/nota\/wp-json\/wp\/v2\/posts\/24464","targetHints":{"allow":["GET"]}}],"collection":[{"href":"https:\/\/radiowebmx.com\/nota\/wp-json\/wp\/v2\/posts"}],"about":[{"href":"https:\/\/radiowebmx.com\/nota\/wp-json\/wp\/v2\/types\/post"}],"author":[{"embeddable":true,"href":"https:\/\/radiowebmx.com\/nota\/wp-json\/wp\/v2\/users\/1"}],"replies":[{"embeddable":true,"href":"https:\/\/radiowebmx.com\/nota\/wp-json\/wp\/v2\/comments?post=24464"}],"version-history":[{"count":1,"href":"https:\/\/radiowebmx.com\/nota\/wp-json\/wp\/v2\/posts\/24464\/revisions"}],"predecessor-version":[{"id":24466,"href":"https:\/\/radiowebmx.com\/nota\/wp-json\/wp\/v2\/posts\/24464\/revisions\/24466"}],"wp:featuredmedia":[{"embeddable":true,"href":"https:\/\/radiowebmx.com\/nota\/wp-json\/wp\/v2\/media\/24465"}],"wp:attachment":[{"href":"https:\/\/radiowebmx.com\/nota\/wp-json\/wp\/v2\/media?parent=24464"}],"wp:term":[{"taxonomy":"category","embeddable":true,"href":"https:\/\/radiowebmx.com\/nota\/wp-json\/wp\/v2\/categories?post=24464"},{"taxonomy":"post_tag","embeddable":true,"href":"https:\/\/radiowebmx.com\/nota\/wp-json\/wp\/v2\/tags?post=24464"}],"curies":[{"name":"wp","href":"https:\/\/api.w.org\/{rel}","templated":true}]}}