{"id":24462,"date":"2016-07-04T19:36:18","date_gmt":"2016-07-05T00:36:18","guid":{"rendered":"https:\/\/radiowebmx.com\/nota\/?p=24462"},"modified":"2016-07-04T19:36:18","modified_gmt":"2016-07-05T00:36:18","slug":"con-dialogo-y-respeto-debe-buscarse-solucion-al-conflicto-en-el-sector-educativo","status":"publish","type":"post","link":"https:\/\/radiowebmx.com\/nota\/con-dialogo-y-respeto-debe-buscarse-solucion-al-conflicto-en-el-sector-educativo\/","title":{"rendered":"Con di\u00e1logo y respeto debe buscarse soluci\u00f3n al conflicto en el sector educativo"},"content":{"rendered":"<p>Tanto el Gobierno del Estado como la Coordinadora Nacional de Trabajadores de la Educaci\u00f3n (CNTE) deben ser\u00a0 garantes del derecho de las ni\u00f1as y ni\u00f1os a la educaci\u00f3n p\u00fablica, por lo que la administraci\u00f3n estatal, por instrucci\u00f3n del Gobernador Silvano Aureoles Conejo,\u00a0 convoca a\u00a0 profesores y trabajadores del sector educativo\u00a0a formalizar el di\u00e1logo,\u00a0 y como muestra de madurez pol\u00edtica\u00a0 anteponer la voluntad de construir acuerdos en beneficio de la ni\u00f1ez michoacana.<\/p>\n<p>El conflicto en el sector educativo no se va a resolver mediante la radicalizaci\u00f3n de acciones que s\u00f3lo conducen a la confrontaci\u00f3n, y que afectan a muchos sectores de la sociedad, pero en primer lugar a los educandos que ven interrumpido su proceso de aprendizaje y que incluso pudieran estar en riesgo de perder el ciclo escolar ; el tema de la educaci\u00f3n p\u00fablica es complejo\u00a0 y los desaf\u00edos que nos plantea deben ser analizados en un di\u00e1logo del m\u00e1s alto nivel, que incluya a los tres niveles de Gobierno, as\u00ed como a los legisladores federales.<\/p>\n<p>Los gobiernos estatales\u00a0 y federal est\u00e1n obligados a implementar las disposiciones emanadas de la Reforma Educativa por ser \u00e9stas un mandato constitucional, por lo que en la actual coyuntura que vive el pa\u00eds ser\u00eda altamente positivo que los legisladores federales, quienes se han manifestado a favor del di\u00e1logo, atiendan los planteamientos de la CNTE relacionados con el an\u00e1lisis de la ley; el Gobierno de Michoac\u00e1n est\u00e1 dispuesto a ser mediador para gestionar la apertura de espacios de reflexi\u00f3n e\u00a0 instaurar mesas de trabajo que no s\u00f3lo abonen a distender el conflicto, sino a construir soluciones congruentes con el inter\u00e9s superior de garantizar educaci\u00f3n p\u00fablica de calidad a todas\u00a0 las mexicanas y\u00a0 mexicanos.<\/p>\n<p>La administraci\u00f3n estatal reitera su intenci\u00f3n de trabajar con los docentes para evitar que sean objeto de descuentos o ceses injustificados, raz\u00f3n por la cual la Secretar\u00eda de Educaci\u00f3n en el Estado desahogar\u00e1 un proceso para que los profesores puedan acreditar su asistencia a las aulas y centros de trabajo.<\/p>\n<p>El Gobernador Silvano Aureoles Conejo en reiteradas ocasiones ha escuchado y conversado con grupos de profesores que manifiestan su oposici\u00f3n a la Reforma Educativa; sin embargo, para que fructifique la interlocuci\u00f3n con los profesores, \u00e9sta debe encauzarse de manera institucional, por lo que el Gobierno del Estado reitera el llamado a la CNTE a formalizar el di\u00e1logo, y a que cedan en sus intentos de boicotear la agenda de trabajo gubernamental, porque la atenci\u00f3n a las necesidades de diversos sectores sociales y a la poblaci\u00f3n de los municipios\u00a0 no debe detenerse por ning\u00fan motivo: es prioridad del Poder Ejecutivo velar por el bienestar de las michoacanas y michoacanos.<\/p>\n","protected":false},"excerpt":{"rendered":"<p>Tanto el Gobierno del Estado como la CNTE deben ser  garantes del derecho de las ni\u00f1as y ni\u00f1os a la educaci\u00f3n p\u00fablica, por lo que la administraci\u00f3n estatal, por instrucci\u00f3n del Gobernador Silvano Aureoles Conejo,  convoca a  profesores y trabajadores del sector educativo a formalizar el di\u00e1logo,  <\/p>\n","protected":false},"author":1,"featured_media":0,"comment_status":"open","ping_status":"open","sticky":false,"template":"","format":"standard","meta":{"footnotes":""},"categories":[9],"tags":[],"class_list":["post-24462","post","type-post","status-publish","format-standard","hentry","category-morelia"],"_links":{"self":[{"href":"https:\/\/radiowebmx.com\/nota\/wp-json\/wp\/v2\/posts\/24462","targetHints":{"allow":["GET"]}}],"collection":[{"href":"https:\/\/radiowebmx.com\/nota\/wp-json\/wp\/v2\/posts"}],"about":[{"href":"https:\/\/radiowebmx.com\/nota\/wp-json\/wp\/v2\/types\/post"}],"author":[{"embeddable":true,"href":"https:\/\/radiowebmx.com\/nota\/wp-json\/wp\/v2\/users\/1"}],"replies":[{"embeddable":true,"href":"https:\/\/radiowebmx.com\/nota\/wp-json\/wp\/v2\/comments?post=24462"}],"version-history":[{"count":1,"href":"https:\/\/radiowebmx.com\/nota\/wp-json\/wp\/v2\/posts\/24462\/revisions"}],"predecessor-version":[{"id":24463,"href":"https:\/\/radiowebmx.com\/nota\/wp-json\/wp\/v2\/posts\/24462\/revisions\/24463"}],"wp:attachment":[{"href":"https:\/\/radiowebmx.com\/nota\/wp-json\/wp\/v2\/media?parent=24462"}],"wp:term":[{"taxonomy":"category","embeddable":true,"href":"https:\/\/radiowebmx.com\/nota\/wp-json\/wp\/v2\/categories?post=24462"},{"taxonomy":"post_tag","embeddable":true,"href":"https:\/\/radiowebmx.com\/nota\/wp-json\/wp\/v2\/tags?post=24462"}],"curies":[{"name":"wp","href":"https:\/\/api.w.org\/{rel}","templated":true}]}}