{"id":24459,"date":"2016-07-04T19:34:47","date_gmt":"2016-07-05T00:34:47","guid":{"rendered":"https:\/\/radiowebmx.com\/nota\/?p=24459"},"modified":"2016-07-04T19:34:47","modified_gmt":"2016-07-05T00:34:47","slug":"la-zee-de-lc-oportunidad-de-crecimiento-economico-para-uruapan","status":"publish","type":"post","link":"https:\/\/radiowebmx.com\/nota\/la-zee-de-lc-oportunidad-de-crecimiento-economico-para-uruapan\/","title":{"rendered":"La ZEE de LC, oportunidad de crecimiento econ\u00f3mico para Uruapan"},"content":{"rendered":"<p><a href=\"https:\/\/radiowebmx.com\/nota\/wp-content\/uploads\/2016\/07\/ded270ca-da14-41a1-a9d6-b2db56adfeb7.jpg\"><img loading=\"lazy\" decoding=\"async\" class=\"alignleft size-full wp-image-24460\" src=\"https:\/\/radiowebmx.com\/nota\/wp-content\/uploads\/2016\/07\/ded270ca-da14-41a1-a9d6-b2db56adfeb7.jpg\" alt=\"ded270ca-da14-41a1-a9d6-b2db56adfeb7\" width=\"591\" height=\"250\" srcset=\"https:\/\/radiowebmx.com\/nota\/wp-content\/uploads\/2016\/07\/ded270ca-da14-41a1-a9d6-b2db56adfeb7.jpg 591w, https:\/\/radiowebmx.com\/nota\/wp-content\/uploads\/2016\/07\/ded270ca-da14-41a1-a9d6-b2db56adfeb7-300x127.jpg 300w\" sizes=\"auto, (max-width: 591px) 100vw, 591px\" \/><\/a>La directora general de la Comisi\u00f3n para el Desarrollo Sostenible de la Costa Michoacana (Codecom), Patricia Flores Anguiano, se reuni\u00f3 con los integrantes del Colegio de Ingenieros Civiles de Uruapan para explicarles la oportunidad que representa para el municipio el establecimiento de la Zona Econ\u00f3mica Especial (ZEE) de L\u00e1zaro C\u00e1rdenas.<\/p>\n<p>En el marco de la celebraci\u00f3n del D\u00eda del Ingeniero, la funcionaria estatal destac\u00f3 que la ZEE puede jugar un papel muy importante para detonar el potencial agroindustrial e industrial de Uruapan, toda vez que en L\u00e1zaro C\u00e1rdenas se instalar\u00e1n m\u00e1s empresas dedicadas a la miner\u00eda, metalurgia y metalmec\u00e1nica, que puede vincularse con la industria y el sector de la construcci\u00f3n uruapense.<\/p>\n<p>La ubicaci\u00f3n estrat\u00e9gica de Uruapan y su cercan\u00eda con el puerto de L\u00e1zaro C\u00e1rdenas permite la exportaci\u00f3n de productos agropecuarios con valor agregado, tal y como ya ocurre con el aguacate gracias a la conectividad mar\u00edtima hacia pa\u00edses asi\u00e1ticos y europeos.<\/p>\n<p>Uruapan se ubica a 102 kil\u00f3metros de Morelia; tiene 137 kil\u00f3metros de carreteras, de las cuales 50 kil\u00f3metros son de v\u00edas federales pavimentadas, 75.5 de carreteras secundarias y 11.3 de caminos rurales. Adem\u00e1s, cuenta con un aeropuerto con una longitud de pista de 2 mil 400 metros y una central de autobuses for\u00e1neos.<\/p>\n<p>El municipio es considerado uno de los tres m\u00e1s importantes de Michoac\u00e1n por su actividad econ\u00f3mica, cantidad de habitantes y dinamismo econ\u00f3mico.<\/p>\n<p>El 62.68 por ciento de la poblaci\u00f3n econ\u00f3micamente activa de Uruapan se dedica al comercio o a los servicios; en la industria manufacturera y de la construcci\u00f3n se emplea el 24.56 por ciento de la poblaci\u00f3n ocupada; y en las actividades primarias (agricultura y ganader\u00eda) se emplea el 10.07 por ciento de la poblaci\u00f3n.<\/p>\n<p>Uruapan puede convertirse en el coraz\u00f3n del desarrollo econ\u00f3mico de Michoac\u00e1n porque al instalarse un parque agroindustrial en L\u00e1zaro C\u00e1rdenas le dar\u00eda un valor agregado a sus productos; porque es la puerta de entrada a la Meseta Pur\u00e9pecha; por las bellezas naturales con que cuenta; y, en resumen, por ser una ciudad de turismo obligado y porque cuenta con instituciones educativas media superior y superior que pueden ser formadoras de mano de obra calificada.<\/p>\n","protected":false},"excerpt":{"rendered":"<p>La directora general de la Codecom, Patricia Flores Anguiano, se reuni\u00f3 con los integrantes del Colegio de Ingenieros Civiles de Uruapan para explicarles la oportunidad que representa para el municipio el establecimiento de la ZEE de L\u00e1zaro C\u00e1rdenas.<\/p>\n","protected":false},"author":1,"featured_media":24460,"comment_status":"open","ping_status":"open","sticky":false,"template":"","format":"standard","meta":{"footnotes":""},"categories":[14,3],"tags":[],"class_list":["post-24459","post","type-post","status-publish","format-standard","has-post-thumbnail","hentry","category-destacadas","category-gobierno-del-estado-de-michoacan"],"_links":{"self":[{"href":"https:\/\/radiowebmx.com\/nota\/wp-json\/wp\/v2\/posts\/24459","targetHints":{"allow":["GET"]}}],"collection":[{"href":"https:\/\/radiowebmx.com\/nota\/wp-json\/wp\/v2\/posts"}],"about":[{"href":"https:\/\/radiowebmx.com\/nota\/wp-json\/wp\/v2\/types\/post"}],"author":[{"embeddable":true,"href":"https:\/\/radiowebmx.com\/nota\/wp-json\/wp\/v2\/users\/1"}],"replies":[{"embeddable":true,"href":"https:\/\/radiowebmx.com\/nota\/wp-json\/wp\/v2\/comments?post=24459"}],"version-history":[{"count":1,"href":"https:\/\/radiowebmx.com\/nota\/wp-json\/wp\/v2\/posts\/24459\/revisions"}],"predecessor-version":[{"id":24461,"href":"https:\/\/radiowebmx.com\/nota\/wp-json\/wp\/v2\/posts\/24459\/revisions\/24461"}],"wp:featuredmedia":[{"embeddable":true,"href":"https:\/\/radiowebmx.com\/nota\/wp-json\/wp\/v2\/media\/24460"}],"wp:attachment":[{"href":"https:\/\/radiowebmx.com\/nota\/wp-json\/wp\/v2\/media?parent=24459"}],"wp:term":[{"taxonomy":"category","embeddable":true,"href":"https:\/\/radiowebmx.com\/nota\/wp-json\/wp\/v2\/categories?post=24459"},{"taxonomy":"post_tag","embeddable":true,"href":"https:\/\/radiowebmx.com\/nota\/wp-json\/wp\/v2\/tags?post=24459"}],"curies":[{"name":"wp","href":"https:\/\/api.w.org\/{rel}","templated":true}]}}