{"id":24446,"date":"2016-07-01T14:44:59","date_gmt":"2016-07-01T19:44:59","guid":{"rendered":"https:\/\/radiowebmx.com\/nota\/?p=24446"},"modified":"2016-07-01T14:44:59","modified_gmt":"2016-07-01T19:44:59","slug":"morelia-ejemplo-de-inclusion-e-infraestructura-para-personas-con-discapacidades","status":"publish","type":"post","link":"https:\/\/radiowebmx.com\/nota\/morelia-ejemplo-de-inclusion-e-infraestructura-para-personas-con-discapacidades\/","title":{"rendered":"Morelia, ejemplo de inclusi\u00f3n e infraestructura para personas con discapacidades"},"content":{"rendered":"<p><a href=\"https:\/\/radiowebmx.com\/nota\/wp-content\/uploads\/2016\/07\/7b4bf95b-8592-4225-8dd9-49e66a2e825d.jpg\"><img loading=\"lazy\" decoding=\"async\" class=\"alignleft size-full wp-image-24447\" src=\"https:\/\/radiowebmx.com\/nota\/wp-content\/uploads\/2016\/07\/7b4bf95b-8592-4225-8dd9-49e66a2e825d.jpg\" alt=\"7b4bf95b-8592-4225-8dd9-49e66a2e825d\" width=\"591\" height=\"365\" srcset=\"https:\/\/radiowebmx.com\/nota\/wp-content\/uploads\/2016\/07\/7b4bf95b-8592-4225-8dd9-49e66a2e825d.jpg 591w, https:\/\/radiowebmx.com\/nota\/wp-content\/uploads\/2016\/07\/7b4bf95b-8592-4225-8dd9-49e66a2e825d-300x185.jpg 300w\" sizes=\"auto, (max-width: 591px) 100vw, 591px\" \/><\/a>Morelia se posiciona como un municipio incluyente luego de que la Presidenta Honoraria del DIF Municipal, Paola Delgadillo de Mart\u00ednez, arrancar\u00e1 de manera oficial con el \u201cPrograma de Rampas para Personas con Discapacidad\u201d en el Primer Cuadro de la ciudad, esto con la finalidad de que cada calle tenga la se\u00f1alizaci\u00f3n correspondiente para que las personas con capacidades diferentes puedan moverse de manera c\u00f3moda y segura.<\/p>\n<p>Durante su mensaje, Paola Delgadillo resalt\u00f3 que el apoyo del Gobierno es fundamental para que este sector de la sociedad pueda transitar por las hermosas calles del Centro Hist\u00f3rico y de toda la ciudad, sin embargo, hizo hincapi\u00e9 en que es fundamental generar una cultura de la discapacidad entre la ciudadan\u00eda, para lo cual es preciso trabajar en conjunto sociedad y gobierno para lograr que los espacios destinados para las personas con discapacidad sean respetados.<\/p>\n<p>\u201cEsta labor no solo es de Gobierno, nos corresponde a todos nosotros y a toda la ciudadan\u00eda respetar estas rampas, respetar los espacios reservados para las personas con discapacidad y tener un trato cordial con ellos, como otra persona m\u00e1s\u201d, resalt\u00f3.<\/p>\n<p>Ante el Secretario de Desarrollo Metropolitano e Infraestructura, Iv\u00e1n Calder\u00f3n Guti\u00e9rrez; los Regidores, F\u00e9lix Madrigal Pulido y Mar\u00eda Elisa Garrido P\u00e9rez; as\u00ed como Gabriel Mora Ortega, Secretario T\u00e9cnico del Consejo Michoacano para la Inclusi\u00f3n de las Personas con Discapacidad; Omar Molina, miembro de la Asociaci\u00f3n de Ciegos de Michoac\u00e1n; Yareli Karla P\u00e9rez Vega, Tesorera Infantil y Jaime Morelos Su\u00e1rez, Secretario T\u00e9cnico del Despacho del Presidente Municipal, Delgadillo de Mart\u00ednez, resalt\u00f3 el trabajo que en conjunto con el Alcalde, Alfonso Mart\u00ednez Alc\u00e1zar llevaran a cabo para que Morelia pueda ser una ciudad incluyente.<\/p>\n<p>Por su parte, Gabriel Mora Ortega, Secretario T\u00e9cnico del Consejo Michoacano para la Inclusi\u00f3n de las Personas con Discapacidad, agradeci\u00f3 el trabajo realizado por el Gobierno Municipal para lograr que las personas con alguna discapacidad puedan transitar de una manera segura y c\u00f3moda, por lo que trabajar\u00e1n de manera coordinada para seguir teniendo beneficios.<\/p>\n<p>Subray\u00f3 que es fundamental mantener este tipo de acciones, pero tambi\u00e9n pidi\u00f3 a la ciudadan\u00eda tener respeto por los lugares designados para ellos, ya que eso les permitir\u00e1 moverse de una manera libre y con la tranquilidad de que como cualquier ciudadano podr\u00e1n disfrutar del Primer Cuadro de la ciudad y de todo Morelia.<\/p>\n<p>Finalmente, Iv\u00e1n Calder\u00f3n Guti\u00e9rrez, Secretario de Desarrollo Metropolitano e Infraestructura, se\u00f1al\u00f3 que por instrucciones del Presidente, Alfonso Mart\u00ednez, en coordinaci\u00f3n con el DIF Municipal est\u00e1n realizando programas especiales para lograr que Morelia tenga la infraestructura necesaria para las personas con discapacidad y ser un municipio incluyente.<\/p>\n<p>Los trabajos arrancaron en la calle Galeana esquina con Corregidora, en donde se balizaron las rampas, asimismo sobre la calle Galeana fueron construidas 16 rampas, mientras que en la calle de Abasolo son un total de 15, adem\u00e1s de que en la nomenclatura de las calles se coloc\u00f3 la escritura braille para personas con discapacidad visual, todo ello, dentro del \u201cPrograma de Mejoramiento Vial\u201d que el Cabildo de la ciudad aprob\u00f3 hace unos d\u00edas.<\/p>\n","protected":false},"excerpt":{"rendered":"<p>Morelia se posiciona como un municipio incluyente luego de que la Presidenta Honoraria del DIF Municipal, Paola Delgadillo de Mart\u00ednez, arrancar\u00e1 de manera oficial con el \u201cPrograma de Rampas para Personas con Discapacidad\u201d en el Primer Cuadro de la ciudad,<\/p>\n","protected":false},"author":1,"featured_media":24447,"comment_status":"open","ping_status":"open","sticky":false,"template":"","format":"standard","meta":{"footnotes":""},"categories":[14,9],"tags":[],"class_list":["post-24446","post","type-post","status-publish","format-standard","has-post-thumbnail","hentry","category-destacadas","category-morelia"],"_links":{"self":[{"href":"https:\/\/radiowebmx.com\/nota\/wp-json\/wp\/v2\/posts\/24446","targetHints":{"allow":["GET"]}}],"collection":[{"href":"https:\/\/radiowebmx.com\/nota\/wp-json\/wp\/v2\/posts"}],"about":[{"href":"https:\/\/radiowebmx.com\/nota\/wp-json\/wp\/v2\/types\/post"}],"author":[{"embeddable":true,"href":"https:\/\/radiowebmx.com\/nota\/wp-json\/wp\/v2\/users\/1"}],"replies":[{"embeddable":true,"href":"https:\/\/radiowebmx.com\/nota\/wp-json\/wp\/v2\/comments?post=24446"}],"version-history":[{"count":1,"href":"https:\/\/radiowebmx.com\/nota\/wp-json\/wp\/v2\/posts\/24446\/revisions"}],"predecessor-version":[{"id":24448,"href":"https:\/\/radiowebmx.com\/nota\/wp-json\/wp\/v2\/posts\/24446\/revisions\/24448"}],"wp:featuredmedia":[{"embeddable":true,"href":"https:\/\/radiowebmx.com\/nota\/wp-json\/wp\/v2\/media\/24447"}],"wp:attachment":[{"href":"https:\/\/radiowebmx.com\/nota\/wp-json\/wp\/v2\/media?parent=24446"}],"wp:term":[{"taxonomy":"category","embeddable":true,"href":"https:\/\/radiowebmx.com\/nota\/wp-json\/wp\/v2\/categories?post=24446"},{"taxonomy":"post_tag","embeddable":true,"href":"https:\/\/radiowebmx.com\/nota\/wp-json\/wp\/v2\/tags?post=24446"}],"curies":[{"name":"wp","href":"https:\/\/api.w.org\/{rel}","templated":true}]}}