{"id":24436,"date":"2016-07-01T14:11:34","date_gmt":"2016-07-01T19:11:34","guid":{"rendered":"https:\/\/radiowebmx.com\/nota\/?p=24436"},"modified":"2016-07-01T14:11:34","modified_gmt":"2016-07-01T19:11:34","slug":"el-presidente-municipal-lic-baltazar-gaona-sanchez-asistio-a-la-clausura-de-la-academia-regional-de-seguridad-publica-de-occidente","status":"publish","type":"post","link":"https:\/\/radiowebmx.com\/nota\/el-presidente-municipal-lic-baltazar-gaona-sanchez-asistio-a-la-clausura-de-la-academia-regional-de-seguridad-publica-de-occidente\/","title":{"rendered":"El Presidente Municipal Lic. Baltazar Gaona S\u00e1nchez asisti\u00f3 a la clausura de La Academia Regional de Seguridad Publica de Occidente"},"content":{"rendered":"<p><a href=\"https:\/\/radiowebmx.com\/nota\/wp-content\/uploads\/2016\/07\/IMG_2820.jpg\"><img loading=\"lazy\" decoding=\"async\" class=\"alignleft size-full wp-image-24437\" src=\"https:\/\/radiowebmx.com\/nota\/wp-content\/uploads\/2016\/07\/IMG_2820.jpg\" alt=\"IMG_2820\" width=\"591\" height=\"228\" srcset=\"https:\/\/radiowebmx.com\/nota\/wp-content\/uploads\/2016\/07\/IMG_2820.jpg 591w, https:\/\/radiowebmx.com\/nota\/wp-content\/uploads\/2016\/07\/IMG_2820-300x116.jpg 300w\" sizes=\"auto, (max-width: 591px) 100vw, 591px\" \/><\/a>El Presidente Municipal Lic. Baltazar Gaona S\u00e1nchez asisti\u00f3 a la clausura que Se llevo a cabo la en las instalaciones de La Academia Regional de Seguridad Publica de Occidente para la clausura del Curso de Formaci\u00f3n Inicial Equivalente donde 26 elementos del Municipio de Tar\u00edmbaro asistieron 441 horas clase cursando 25 materias durante 8 semanas consecutivas, cabe destacar que con los conocimientos t\u00e9cnicos, t\u00e1cticas y habilidades que les habr\u00e1 de permitir desempe\u00f1ar la Funci\u00f3n de Polic\u00edas Preventivos con los conocimientos necesarios para cualquier situaci\u00f3n.<br \/>\nTendremos un panorama m\u00e1s amplio referente al \u00e1mbito policial y al desarrollo de las habilidades y destrezas, al correcto manejo de las emociones que son esenciales para el correcto desempe\u00f1o de nuestra funci\u00f3n, adem\u00e1s del conocimiento a fondo de los principales ordenamiento que conforman el Marco Jur\u00eddico en la nueva evoluci\u00f3n del Sistema de Justicia Pena, para cumplir adecuadamente con las tareas correspondientes a seguridad p\u00fablica. As\u00ed mismo quiero agradecer el Presidente Municipal Lic. Baltazar Gaona S\u00e1nchez por su compromiso y la confianza que nos tiene a los 26 elementos, y decirle de antemano que no fallaremos en nuestro municipio. Comento el Polic\u00eda Preventivo Johnny Eridani Mej\u00eda Hern\u00e1ndez<br \/>\nLas personalidades que asistieron al evento son: Regidora Celeste Garc\u00eda Alfaro, Comandante Fausto Hern\u00e1ndez Estrada Director de Seguridad Publica del Municipio de Tar\u00edmbaro, Lic. Iv\u00e1n V\u00e1zquez Moreno, Sindico Municipal, Lic., Placido Cortez Santoyo.<\/p>\n","protected":false},"excerpt":{"rendered":"<p>El Presidente Municipal Lic. Baltazar Gaona S\u00e1nchez asisti\u00f3 a la clausura que Se llevo a cabo la en las instalaciones de La Academia Regional de Seguridad Publica de Occidente para la clausura del Curso de Formaci\u00f3n Inicial<\/p>\n","protected":false},"author":1,"featured_media":24437,"comment_status":"open","ping_status":"open","sticky":false,"template":"","format":"standard","meta":{"footnotes":""},"categories":[14,22],"tags":[],"class_list":["post-24436","post","type-post","status-publish","format-standard","has-post-thumbnail","hentry","category-destacadas","category-tarimbaro"],"_links":{"self":[{"href":"https:\/\/radiowebmx.com\/nota\/wp-json\/wp\/v2\/posts\/24436","targetHints":{"allow":["GET"]}}],"collection":[{"href":"https:\/\/radiowebmx.com\/nota\/wp-json\/wp\/v2\/posts"}],"about":[{"href":"https:\/\/radiowebmx.com\/nota\/wp-json\/wp\/v2\/types\/post"}],"author":[{"embeddable":true,"href":"https:\/\/radiowebmx.com\/nota\/wp-json\/wp\/v2\/users\/1"}],"replies":[{"embeddable":true,"href":"https:\/\/radiowebmx.com\/nota\/wp-json\/wp\/v2\/comments?post=24436"}],"version-history":[{"count":1,"href":"https:\/\/radiowebmx.com\/nota\/wp-json\/wp\/v2\/posts\/24436\/revisions"}],"predecessor-version":[{"id":24438,"href":"https:\/\/radiowebmx.com\/nota\/wp-json\/wp\/v2\/posts\/24436\/revisions\/24438"}],"wp:featuredmedia":[{"embeddable":true,"href":"https:\/\/radiowebmx.com\/nota\/wp-json\/wp\/v2\/media\/24437"}],"wp:attachment":[{"href":"https:\/\/radiowebmx.com\/nota\/wp-json\/wp\/v2\/media?parent=24436"}],"wp:term":[{"taxonomy":"category","embeddable":true,"href":"https:\/\/radiowebmx.com\/nota\/wp-json\/wp\/v2\/categories?post=24436"},{"taxonomy":"post_tag","embeddable":true,"href":"https:\/\/radiowebmx.com\/nota\/wp-json\/wp\/v2\/tags?post=24436"}],"curies":[{"name":"wp","href":"https:\/\/api.w.org\/{rel}","templated":true}]}}