{"id":24423,"date":"2016-07-01T12:01:00","date_gmt":"2016-07-01T17:01:00","guid":{"rendered":"https:\/\/radiowebmx.com\/nota\/?p=24423"},"modified":"2016-07-01T12:01:00","modified_gmt":"2016-07-01T17:01:00","slug":"destacan-alumnos-del-cecytem-en-juegos-deportivos-nacionales","status":"publish","type":"post","link":"https:\/\/radiowebmx.com\/nota\/destacan-alumnos-del-cecytem-en-juegos-deportivos-nacionales\/","title":{"rendered":"Destacan alumnos del CECyTEM en juegos deportivos nacionales"},"content":{"rendered":"<p><a href=\"https:\/\/radiowebmx.com\/nota\/wp-content\/uploads\/2016\/07\/bc523297-0be6-40cc-9d23-114d3718c8a3.jpg\"><img loading=\"lazy\" decoding=\"async\" class=\"alignleft size-full wp-image-24424\" src=\"https:\/\/radiowebmx.com\/nota\/wp-content\/uploads\/2016\/07\/bc523297-0be6-40cc-9d23-114d3718c8a3.jpg\" alt=\"bc523297-0be6-40cc-9d23-114d3718c8a3\" width=\"591\" height=\"399\" srcset=\"https:\/\/radiowebmx.com\/nota\/wp-content\/uploads\/2016\/07\/bc523297-0be6-40cc-9d23-114d3718c8a3.jpg 591w, https:\/\/radiowebmx.com\/nota\/wp-content\/uploads\/2016\/07\/bc523297-0be6-40cc-9d23-114d3718c8a3-300x203.jpg 300w\" sizes=\"auto, (max-width: 591px) 100vw, 591px\" \/><\/a>En representaci\u00f3n de la entidad, alumnas y alumnos del Colegio de Estudios Cient\u00edficos y Tecnol\u00f3gicos del Estado de Michoac\u00e1n (CECyTEM) participaron en la XVI edici\u00f3n de los juegos deportivos nacionales organizados por el Consejo Nacional para el Desarrollo del Deporte de la Educaci\u00f3n Media Superior (CONADEMS).<\/p>\n<p>&nbsp;<\/p>\n<p>Los alumnos del plantel Perib\u00e1n participaron en equipos de basquetbol varonil y femenil en la ciudad de Torre\u00f3n, Coahuila, en la disciplina de basquetbol 3&#215;3, en la que participaron 25 estados en rama varonil y 26 estados en la rama femenil, detall\u00f3 la directora general del subsistema, Mar\u00eda del Carmen Escobedo P\u00e9rez.<\/p>\n<p>&nbsp;<\/p>\n<p>La funcionaria resalt\u00f3 la importancia de que los j\u00f3venes practiquen alg\u00fan deporte y subray\u00f3 que el Gobernador Silvano Aureoles Conejo ha implementado pol\u00edticas p\u00fablicas encaminadas a alentar la participaci\u00f3n de la juventud en eventos deportivos.<\/p>\n<p>&nbsp;<\/p>\n<p>De igual manera, Escobedo P\u00e9rez coment\u00f3 que otro de los aspectos que ofrece la pr\u00e1ctica del deporte de equipo es que los adolescentes descubren lo que es el liderazgo.<\/p>\n<p>&nbsp;<\/p>\n<p>Las alumnas que formaron parte del equipo femenil son Nicole Aguilar Valencia, Maricela Churape M\u00e9ndez, Zulea Fern\u00e1ndez Medina, Dafne Mildred Aguilar Valencia, y los alumnos que conformaron el equipo varonil son V\u00edctor Manuel Torres T\u00e9llez, Yahir Arturo Centeno Alvarado, Marco Antonio Centeno Valenzuela, Juvenal \u00c1ngel Valent\u00edn S\u00e1nchez. Todos fueron entrenados por Jes\u00fas Capiz Espinoza.<\/p>\n<p>&nbsp;<\/p>\n<p>Es importante destacar la participaci\u00f3n de las y los alumnos del CECyTEM, ya que gracias a su esfuerzo y su nivel deportivo, dos de los estudiantes participantes en este encuentro deportivo nacional fueron considerados para recibir est\u00edmulos de instituciones educativas del pa\u00eds.<\/p>\n","protected":false},"excerpt":{"rendered":"<p>En representaci\u00f3n de la entidad, alumnas y alumnos del CECyTEM participaron en la XVI edici\u00f3n de los juegos deportivos nacionales organizados por el CONADEMS.<\/p>\n","protected":false},"author":1,"featured_media":24424,"comment_status":"open","ping_status":"open","sticky":false,"template":"","format":"standard","meta":{"footnotes":""},"categories":[14,3],"tags":[],"class_list":["post-24423","post","type-post","status-publish","format-standard","has-post-thumbnail","hentry","category-destacadas","category-gobierno-del-estado-de-michoacan"],"_links":{"self":[{"href":"https:\/\/radiowebmx.com\/nota\/wp-json\/wp\/v2\/posts\/24423","targetHints":{"allow":["GET"]}}],"collection":[{"href":"https:\/\/radiowebmx.com\/nota\/wp-json\/wp\/v2\/posts"}],"about":[{"href":"https:\/\/radiowebmx.com\/nota\/wp-json\/wp\/v2\/types\/post"}],"author":[{"embeddable":true,"href":"https:\/\/radiowebmx.com\/nota\/wp-json\/wp\/v2\/users\/1"}],"replies":[{"embeddable":true,"href":"https:\/\/radiowebmx.com\/nota\/wp-json\/wp\/v2\/comments?post=24423"}],"version-history":[{"count":1,"href":"https:\/\/radiowebmx.com\/nota\/wp-json\/wp\/v2\/posts\/24423\/revisions"}],"predecessor-version":[{"id":24425,"href":"https:\/\/radiowebmx.com\/nota\/wp-json\/wp\/v2\/posts\/24423\/revisions\/24425"}],"wp:featuredmedia":[{"embeddable":true,"href":"https:\/\/radiowebmx.com\/nota\/wp-json\/wp\/v2\/media\/24424"}],"wp:attachment":[{"href":"https:\/\/radiowebmx.com\/nota\/wp-json\/wp\/v2\/media?parent=24423"}],"wp:term":[{"taxonomy":"category","embeddable":true,"href":"https:\/\/radiowebmx.com\/nota\/wp-json\/wp\/v2\/categories?post=24423"},{"taxonomy":"post_tag","embeddable":true,"href":"https:\/\/radiowebmx.com\/nota\/wp-json\/wp\/v2\/tags?post=24423"}],"curies":[{"name":"wp","href":"https:\/\/api.w.org\/{rel}","templated":true}]}}