{"id":24414,"date":"2016-06-30T12:11:36","date_gmt":"2016-06-30T17:11:36","guid":{"rendered":"https:\/\/radiowebmx.com\/nota\/?p=24414"},"modified":"2016-06-30T12:11:48","modified_gmt":"2016-06-30T17:11:48","slug":"entregara-dif-morelia-113-apoyos-para-personas-con-discapacidad","status":"publish","type":"post","link":"https:\/\/radiowebmx.com\/nota\/entregara-dif-morelia-113-apoyos-para-personas-con-discapacidad\/","title":{"rendered":"Entregar\u00e1 DIF Morelia 113 apoyos para personas con discapacidad"},"content":{"rendered":"<p><a href=\"https:\/\/radiowebmx.com\/nota\/wp-content\/uploads\/2016\/06\/0b26fe68-de3c-4df6-8f0e-4958f62678dc.jpg\"><img loading=\"lazy\" decoding=\"async\" class=\"alignleft size-full wp-image-24415\" src=\"https:\/\/radiowebmx.com\/nota\/wp-content\/uploads\/2016\/06\/0b26fe68-de3c-4df6-8f0e-4958f62678dc.jpg\" alt=\"0b26fe68-de3c-4df6-8f0e-4958f62678dc\" width=\"591\" height=\"383\" srcset=\"https:\/\/radiowebmx.com\/nota\/wp-content\/uploads\/2016\/06\/0b26fe68-de3c-4df6-8f0e-4958f62678dc.jpg 591w, https:\/\/radiowebmx.com\/nota\/wp-content\/uploads\/2016\/06\/0b26fe68-de3c-4df6-8f0e-4958f62678dc-300x194.jpg 300w\" sizes=\"auto, (max-width: 591px) 100vw, 591px\" \/><\/a>En cumplimiento al eje de desarrollo social establecido por el Acalde de Morelia, Alfonso Mart\u00ednez Alc\u00e1zar, el DIF Morelia har\u00e1 entrega el pr\u00f3ximo viernes de 113 apoyos que constan de auxiliares auditivos, sillas de ruedas, andaderas y bastones para marcha, con una inversi\u00f3n de 395 mil pesos provenientes del municipio.<\/p>\n<p>La entrega se llevar\u00e1 a cabo en el patio principal de Palacio Municipal durante un acto protocolario encabezado por el Alcalde moreliano y la Presidenta Honoraria del DIF Morelia, Paola Delgadillo de Mart\u00ednez, quienes estar\u00e1n acompa\u00f1ados de miembros del Cabildo y personal del Gobierno Municipal.<\/p>\n<p>Si bien la entrega ser\u00e1 de 113 apoyos, la cantidad de beneficiarios ser\u00e1n 95, en virtud de que hay personas que requieren m\u00e1s de un auxiliar pues sufren distintas discapacidades o requieren dos auxiliares auditivos para ambos o\u00eddos.<\/p>\n<p>Los apoyos ser\u00e1n distribuidos de la siguiente manera: 50 auxiliares auditivos para 32 personas con una inversi\u00f3n de 273 mil pesos; 45 sillas de ruedas regulares al mismo n\u00famero de personas; 1 silla de ruedas especial para par\u00e1lisis cerebral infantil y una silla de ruedas regular tama\u00f1o infantil, todas con un costo total de 119 mil pesos; adem\u00e1s de la entrega de 12 bastones para marcha y cuatro andaderas a la misma cantidad de personas con un costo total de 3 mil pesos.<\/p>\n<p>Los beneficiarios son ciudadanos de escasos recursos con alguna discapacidad que acudieron a la Ventanilla \u00danica del DIF Morelia en el transcurso de los \u00faltimos cinco meses y realizaron su tr\u00e1mite de apoyo directo.<\/p>\n<p>Los apoyos directos se gestionan en las oficinas del DIF Municipal ubicadas en Vicente Barroso de la Escayola #135, colonia La Estrella, a trav\u00e9s de la ventanilla \u00fanica y son canalizados a trabajo social, donde se les realiza un estudio socioecon\u00f3mico y visita domiciliaria para valoraci\u00f3n.<\/p>\n","protected":false},"excerpt":{"rendered":"<p>En cumplimiento al eje de desarrollo social establecido por el Acalde de Morelia, Alfonso Mart\u00ednez Alc\u00e1zar, el DIF Morelia har\u00e1 entrega el pr\u00f3ximo viernes de 113 apoyos que constan de auxiliares auditivos, <\/p>\n","protected":false},"author":1,"featured_media":24415,"comment_status":"open","ping_status":"open","sticky":false,"template":"","format":"standard","meta":{"footnotes":""},"categories":[14,9],"tags":[],"class_list":["post-24414","post","type-post","status-publish","format-standard","has-post-thumbnail","hentry","category-destacadas","category-morelia"],"_links":{"self":[{"href":"https:\/\/radiowebmx.com\/nota\/wp-json\/wp\/v2\/posts\/24414","targetHints":{"allow":["GET"]}}],"collection":[{"href":"https:\/\/radiowebmx.com\/nota\/wp-json\/wp\/v2\/posts"}],"about":[{"href":"https:\/\/radiowebmx.com\/nota\/wp-json\/wp\/v2\/types\/post"}],"author":[{"embeddable":true,"href":"https:\/\/radiowebmx.com\/nota\/wp-json\/wp\/v2\/users\/1"}],"replies":[{"embeddable":true,"href":"https:\/\/radiowebmx.com\/nota\/wp-json\/wp\/v2\/comments?post=24414"}],"version-history":[{"count":1,"href":"https:\/\/radiowebmx.com\/nota\/wp-json\/wp\/v2\/posts\/24414\/revisions"}],"predecessor-version":[{"id":24416,"href":"https:\/\/radiowebmx.com\/nota\/wp-json\/wp\/v2\/posts\/24414\/revisions\/24416"}],"wp:featuredmedia":[{"embeddable":true,"href":"https:\/\/radiowebmx.com\/nota\/wp-json\/wp\/v2\/media\/24415"}],"wp:attachment":[{"href":"https:\/\/radiowebmx.com\/nota\/wp-json\/wp\/v2\/media?parent=24414"}],"wp:term":[{"taxonomy":"category","embeddable":true,"href":"https:\/\/radiowebmx.com\/nota\/wp-json\/wp\/v2\/categories?post=24414"},{"taxonomy":"post_tag","embeddable":true,"href":"https:\/\/radiowebmx.com\/nota\/wp-json\/wp\/v2\/tags?post=24414"}],"curies":[{"name":"wp","href":"https:\/\/api.w.org\/{rel}","templated":true}]}}