{"id":24410,"date":"2016-06-30T12:09:05","date_gmt":"2016-06-30T17:09:05","guid":{"rendered":"https:\/\/radiowebmx.com\/nota\/?p=24410"},"modified":"2016-06-30T12:09:05","modified_gmt":"2016-06-30T17:09:05","slug":"reafirma-el-secretario-de-sedesol-jose-antonio-meade-el-compromiso-de-liconsa-para-el-desarrollo-con-inclusion-social-en-michoacan","status":"publish","type":"post","link":"https:\/\/radiowebmx.com\/nota\/reafirma-el-secretario-de-sedesol-jose-antonio-meade-el-compromiso-de-liconsa-para-el-desarrollo-con-inclusion-social-en-michoacan\/","title":{"rendered":"REAFIRMA EL SECRETARIO DE SEDESOL JOS\u00c9 ANTONIO MEADE EL COMPROMISO DE LICONSA PARA EL DESARROLLO CON INCLUSI\u00d3N SOCIAL EN MICHOAC\u00c1N."},"content":{"rendered":"<p><a href=\"https:\/\/radiowebmx.com\/nota\/wp-content\/uploads\/2016\/06\/gira-sedesol.29-06-16.4.jpg\"><img loading=\"lazy\" decoding=\"async\" class=\"alignleft size-full wp-image-24411\" src=\"https:\/\/radiowebmx.com\/nota\/wp-content\/uploads\/2016\/06\/gira-sedesol.29-06-16.4.jpg\" alt=\"gira sedesol.29-06-16.4\" width=\"591\" height=\"353\" srcset=\"https:\/\/radiowebmx.com\/nota\/wp-content\/uploads\/2016\/06\/gira-sedesol.29-06-16.4.jpg 591w, https:\/\/radiowebmx.com\/nota\/wp-content\/uploads\/2016\/06\/gira-sedesol.29-06-16.4-300x179.jpg 300w\" sizes=\"auto, (max-width: 591px) 100vw, 591px\" \/><\/a>De gira en Michoac\u00e1n, el Secretario de Desarrollo Social, Jos\u00e9 Antonio Meade Kuribre\u00f1a acompa\u00f1ado del gobernador de Michoac\u00e1n Silvano Aureoles Conejo y del Director General de Liconsa y Enlace de Alto Nivel en Michoac\u00e1n H\u00e9ctor Pablo Ram\u00edrez Puga Leyva, resalt\u00f3 \u00a0el impulso del Gobierno de la Rep\u00fablica por seguir sumando esfuerzos para potencializar los programas sociales en beneficio de la poblaci\u00f3n michoacana.<\/p>\n<p>El titular de la SEDESOL, asever\u00f3 que la obligaci\u00f3n de esta dependencia federal es acompa\u00f1ar todos los esfuerzos que realizan las familias mexicanas; por ello,\u00a0<em>\u201csimplemente les damos un empuj\u00f3n para lograr que tengan mejores condiciones de vida\u201d.<\/em><\/p>\n<p>En tanto, el Gobernador Silvano Aureoles Conejo enfatiz\u00f3 que con estos apoyos se est\u00e1n atendiendo a las demandas m\u00e1s sentidas de la poblaci\u00f3n, sobre todo del sector de las mujeres y las personas de escasos recursos.<\/p>\n<p>Desde muy temprano y en el marco del evento denominado\u00a0 \u201cAcciones Por La Inclusi\u00f3n Social En Michoac\u00e1n\u201d, en donde participaron el Secretario de Desarrollo Social\u00a0Jos\u00e9 Antonio Meade Kuribre\u00f1a, el Gobernador de Michoac\u00e1n, Silvano Aureoles Conejo, el Director General de Liconsa, H\u00e9ctor Pablo Ram\u00edrez Puga Leyva, la Coordinadora Nacional de PROSPERA, Paula Hern\u00e1ndez Olmos, Florentino Coalla, Delegado de Gobernaci\u00f3n en Michoac\u00e1n, el delegado de la SEDESOL, V\u00edctor Tapia Casta\u00f1eda y el Gerente Estatal de Liconsa, Ger\u00f3nimo Color Gasca, comenzaron la gira por el estado con un recorrido por el Centro de Desarrollo Comunitario de la Colonia Gertrudis S\u00e1nchez, donde saludaron con gusto a los j\u00f3venes del Programa de F\u00fatbol por la Inclusi\u00f3n Social que certificar\u00e1n sus estudios con el INEA y constataron el excelente servicio del comedor comunitario de dicha colonia.<\/p>\n<p>Posteriormente en el Auditorio Servando Ch\u00e1vez, a nombre del Presidente Enrique Pe\u00f1a Nieto se entregaron Certificados\u00a0PEC, P\u00f3lizas del Seguro Popular, Registros de Jefas de Familia y Aparatos Asistenciales.<\/p>\n<p>Meade Kuribre\u00f1a destac\u00f3 que la dependencia est\u00e1 realizando recorridos por el pa\u00eds, porque el objetivo es trabajar de manera coordinada y dar acompa\u00f1amiento a los estados y a las familias mexicanas en el esfuerzo que hacen todos los d\u00edas para salir adelante.<\/p>\n<p>El funcionario resalt\u00f3 el trabajo de Liconsa en Michoac\u00e1n y la presencia que tiene la paraestatal en todos y cada uno de los municipios del Estado, dijo tambi\u00e9n que muy pronto se inaugurar\u00e1 la lecher\u00eda Liconsa n\u00famero 400 en Michoac\u00e1n.<\/p>\n<p>Refiri\u00f3 adem\u00e1s, que el Gobierno de la Rep\u00fablica trabaja de la mano con el Gobernador Silvano Aureoles y sin distinciones de color, mencion\u00f3 que el \u00fanico color que importa en Michoac\u00e1n es el de Ger\u00f3nimo Color Gasca, Gerente Estatal de Liconsa, \u201cning\u00fan otro color nos importa, ning\u00fan otro color nos divide\u201d, puntualiz\u00f3 Meade Kuribre\u00f1a.<\/p>\n<p>Adem\u00e1s, dijo que desde el Gobierno de la Rep\u00fablica se han implementado acciones que est\u00e1n fortaleciendo al programa Prospera, tanto en materia educativa y de salud, por ello record\u00f3 que hoy todos los j\u00f3venes de preparatoria y universidades p\u00fablicas, ya pueden contar con acceso al Seguro Social.<\/p>\n<p>El funcionario federal record\u00f3 que tan solo en Michoac\u00e1n se tienen m\u00e1s de 100 mil familias afiliadas al Programa Prospera que busca dirigir diferentes servicios para los que m\u00e1s lo requieren.<\/p>\n<p>En tanto, la Coordinadora Nacional de Prospera, Paula Hern\u00e1ndez Olmos, indic\u00f3 que la pol\u00edtica social en M\u00e9xico ha cambiado y se hace de manera integral y transversal, con lo cual los beneficios de Prospera se suman a los de Liconsa, y a trav\u00e9s de una alianza con la Beneficencia P\u00fablica, las y los afiliados podr\u00e1n recibir apoyos funcionales, adem\u00e1s las mujeres podr\u00e1n acceder al Seguro de Vida para Jefas de Familia y Seguro Popular, y podr\u00e1n concluir su primaria o secundaria.<\/p>\n<p>El Gobernador de Michoac\u00e1n reiter\u00f3 su reconocimiento al Gobierno del Presidente Enrique Pe\u00f1a Nieto, por el respaldo que ha brindado a la entidad, acompa\u00f1ando el esfuerzo diario que se hace en Michoac\u00e1n por brindar a toda la poblaci\u00f3n mejor calidad de vida, en dicho evento al que tambi\u00e9n asistieron la secretaria de Pol\u00edtica Social, Miriam Tinoco Soto, el Secretario de Desarrollo Econ\u00f3mico, Antonio Soto S\u00e1nchez, el Alcalde de Morelia, Alfonso Mart\u00ednez Alc\u00e1zar, el Diputado Federal, Marco Polo Aguirre; la Diputada Local Yarab\u00ed \u00c1vila Gonz\u00e1lez, por mencionar algunos.<\/p>\n<p>Al respecto, el titular de la SEDESOL reconoci\u00f3 y agradeci\u00f3 al mandatario estatal porque dijo: \u201cTodo este despliegue social est\u00e1 trabajando en paz y de forma ordenada, y no hemos dejado a Michoac\u00e1n, le agradecemos al Gobernador que nada impida el funcionamiento de los programas\u201d.<\/p>\n<p>En tanto que Aureoles Conejo refiri\u00f3 que con la coordinaci\u00f3n entre la Federaci\u00f3n, el Estado y los Municipios se est\u00e1n atendiendo las demandas m\u00e1s sentidas de la poblaci\u00f3n y en especial a un sector que requiere acompa\u00f1amiento, apoyo y atenci\u00f3n, como son las mujeres.<\/p>\n<p>El mandatario estatal manifest\u00f3 su inter\u00e9s de revisar con la SEDESOL, de qu\u00e9 forma se pueden potencializar recursos, complementar acciones y sectores para los que van dirigidos, para as\u00ed, poder entregar m\u00e1s y mejores resultados a la ciudadan\u00eda.<\/p>\n<p>A nombre de las beneficiarias, Guadalupe Hern\u00e1ndez, agradeci\u00f3 los apoyos y destac\u00f3 que gracias a Prospera han obtenido diversos beneficios que han representado la oportunidad de poder acceder a programas alimentarios y de salud.<\/p>\n","protected":false},"excerpt":{"rendered":"<p>De gira en Michoac\u00e1n, el Secretario de Desarrollo Social, Jos\u00e9 Antonio Meade Kuribre\u00f1a acompa\u00f1ado del gobernador de Michoac\u00e1n Silvano Aureoles Conejo y del Director General de Liconsa y Enlace de Alto Nivel en Michoac\u00e1n H\u00e9ctor Pablo Ram\u00edrez Puga Leyva, <\/p>\n","protected":false},"author":1,"featured_media":24412,"comment_status":"open","ping_status":"open","sticky":false,"template":"","format":"standard","meta":{"footnotes":""},"categories":[14,3],"tags":[],"class_list":["post-24410","post","type-post","status-publish","format-standard","has-post-thumbnail","hentry","category-destacadas","category-gobierno-del-estado-de-michoacan"],"_links":{"self":[{"href":"https:\/\/radiowebmx.com\/nota\/wp-json\/wp\/v2\/posts\/24410","targetHints":{"allow":["GET"]}}],"collection":[{"href":"https:\/\/radiowebmx.com\/nota\/wp-json\/wp\/v2\/posts"}],"about":[{"href":"https:\/\/radiowebmx.com\/nota\/wp-json\/wp\/v2\/types\/post"}],"author":[{"embeddable":true,"href":"https:\/\/radiowebmx.com\/nota\/wp-json\/wp\/v2\/users\/1"}],"replies":[{"embeddable":true,"href":"https:\/\/radiowebmx.com\/nota\/wp-json\/wp\/v2\/comments?post=24410"}],"version-history":[{"count":1,"href":"https:\/\/radiowebmx.com\/nota\/wp-json\/wp\/v2\/posts\/24410\/revisions"}],"predecessor-version":[{"id":24413,"href":"https:\/\/radiowebmx.com\/nota\/wp-json\/wp\/v2\/posts\/24410\/revisions\/24413"}],"wp:featuredmedia":[{"embeddable":true,"href":"https:\/\/radiowebmx.com\/nota\/wp-json\/wp\/v2\/media\/24412"}],"wp:attachment":[{"href":"https:\/\/radiowebmx.com\/nota\/wp-json\/wp\/v2\/media?parent=24410"}],"wp:term":[{"taxonomy":"category","embeddable":true,"href":"https:\/\/radiowebmx.com\/nota\/wp-json\/wp\/v2\/categories?post=24410"},{"taxonomy":"post_tag","embeddable":true,"href":"https:\/\/radiowebmx.com\/nota\/wp-json\/wp\/v2\/tags?post=24410"}],"curies":[{"name":"wp","href":"https:\/\/api.w.org\/{rel}","templated":true}]}}