{"id":24407,"date":"2016-06-30T11:34:49","date_gmt":"2016-06-30T16:34:49","guid":{"rendered":"https:\/\/radiowebmx.com\/nota\/?p=24407"},"modified":"2016-06-30T11:35:08","modified_gmt":"2016-06-30T16:35:08","slug":"entraran-en-funciones-uveus-en-los-municipios","status":"publish","type":"post","link":"https:\/\/radiowebmx.com\/nota\/entraran-en-funciones-uveus-en-los-municipios\/","title":{"rendered":"Entrar\u00e1n en funciones UVEU\u00b4s en los municipios"},"content":{"rendered":"<p><a href=\"https:\/\/radiowebmx.com\/nota\/wp-content\/uploads\/2016\/06\/4c7de3dd-e405-42fa-9834-87cf5211cf02.jpg\"><img loading=\"lazy\" decoding=\"async\" class=\"alignleft size-full wp-image-24408\" src=\"https:\/\/radiowebmx.com\/nota\/wp-content\/uploads\/2016\/06\/4c7de3dd-e405-42fa-9834-87cf5211cf02.jpg\" alt=\"4c7de3dd-e405-42fa-9834-87cf5211cf02\" width=\"591\" height=\"299\" srcset=\"https:\/\/radiowebmx.com\/nota\/wp-content\/uploads\/2016\/06\/4c7de3dd-e405-42fa-9834-87cf5211cf02.jpg 591w, https:\/\/radiowebmx.com\/nota\/wp-content\/uploads\/2016\/06\/4c7de3dd-e405-42fa-9834-87cf5211cf02-300x152.jpg 300w\" sizes=\"auto, (max-width: 591px) 100vw, 591px\" \/><\/a>Personal de la Universidad Virtual del Estado de Michoac\u00e1n (Univim) imparti\u00f3 el curso de capacitaci\u00f3n dirigido a asesores encargados de atender las Unidades Virtuales de Extensi\u00f3n Universitaria (UVEU\u00b4s), as\u00ed como a enlaces que integran la Comisi\u00f3n Operativa Mixta en los diferentes municipios de la entidad.<\/p>\n<p>Al inaugurar el taller, la rectora de la Univim, Silvia Mendoza Valenzuela, se\u00f1al\u00f3 que el objetivo principal es capacitar a los asesores sobre el uso adecuado de la plataforma web as\u00ed como proporcionar las herramientas necesarias para solucionar cualquier situaci\u00f3n a los usuarios de las UVEU\u00b4s habilitadas por las autoridades municipales, adem\u00e1s de la implementaci\u00f3n de algunas estrategias de promoci\u00f3n y difusi\u00f3n de las Licenciaturas que brinda la Univim de manera gratuita, as\u00ed como las Maestr\u00edas, Diplomados y el Doctorado.<\/p>\n<p>La Rectora de dicha casa de estudios, expres\u00f3 su benepl\u00e1cito por dirigir este tipo de acciones, ya que demuestran el inter\u00e9s que los asistentes tienen por capacitarse y as\u00ed dar respuesta inmediata a los estudiantes sobre diversas actividades a realizar durante su preparaci\u00f3n superior.<\/p>\n<p>Adem\u00e1s, invit\u00f3 a los presentes a dar lo mejor de s\u00ed, apoyar con calidez y calidad a los usuarios, ya que el principal objetivo de las UVEU\u00b4s es facilitar el acceso a la educaci\u00f3n superior a los sectores m\u00e1s desprotegidos de la entidad, como lo ha instruido el Gobernador de Michoac\u00e1n, Silvano Aureoles Conejo.<\/p>\n<p>Por \u00faltimo, dijo que con este tipo de acciones los Presidentes Municipales est\u00e1n cumpliendo con una de las principales necesidades sociales, que es el acceso a la educaci\u00f3n superior en conjunto con el Gobierno de Michoac\u00e1n, que genera pol\u00edticas p\u00fablicas para mejorar la calidad de vida y crear oportunidades de desarrollo para las y los michoacanos a lo largo y ancho del territorio estatal.<\/p>\n<p>As\u00ed tambi\u00e9n, Sergio Sidney Moreno Vargas, director de Planeaci\u00f3n y Vinculaci\u00f3n de la Univim, explic\u00f3 algunos de los temas a tratar como: la descripci\u00f3n de los programas educativos de la Univim, organizaci\u00f3n y funcionamiento de la UVEU, uso y funcionamiento de plataforma, contenidos de la p\u00e1gina web, caracterizaci\u00f3n de la tutor\u00eda acad\u00e9mica en la UVEU y servicios de atenci\u00f3n a los alumnos.<\/p>\n<p>En esta segunda capacitaci\u00f3n, se cont\u00f3 con la participaci\u00f3n de alrededor de 78 responsables de UVEU\u00b4s provenientes de municipios como: Acuitzio, Coeneo, Villamar, Charapan, Brise\u00f1as, Huiramba, Chavinda, Tuzantla, Epitacio Huerta, Cojumatl\u00e1n, La Piedad, Morelia, Vista Hermosa, Huandacareo, San Lucas, Nahuatzen, Chilchota, Madero, Tanganc\u00edcuaro, Santa Ana Maya, Charo, Ziracuaretiro, Quer\u00e9ndaro, Car\u00e1cuaro, Jiquilpan, Quiroga, Zamora, Apatzing\u00e1n, Jim\u00e9nez, Sahuayo, Zinap\u00e9cuaro, Churumuco, Yur\u00e9cuaro y La Huacana.<\/p>\n<p>Cabe mencionar que durante la capacitaci\u00f3n se entregaron las claves a los representantes de los municipios con los que la Univim ya firm\u00f3 el convenio de colaboraci\u00f3n, con las cuales los trabajadores de los ayuntamientos ser\u00e1n beneficiados con el 30 por ciento de descuento en Maestr\u00edas y Diplomados.<\/p>\n<p>De igual manera, se hizo entrega de los lineamientos operativos de las UVEU\u00b4s, las convocatorias de los programas educativos, carteles, tr\u00edpticos, calendarios y dem\u00e1s informaci\u00f3n a difundir para el inicio del pr\u00f3ximo cuatrimestre septiembre-diciembre, el cual arranca el lunes 29 de agosto del presente a\u00f1o.<\/p>\n","protected":false},"excerpt":{"rendered":"<p>Personal de la Univim imparti\u00f3 el curso de capacitaci\u00f3n dirigido a asesores encargados de atender las UVEU\u00b4s, as\u00ed como a enlaces que integran la Comisi\u00f3n Operativa Mixta en los diferentes municipios de la entidad.<\/p>\n","protected":false},"author":1,"featured_media":24408,"comment_status":"open","ping_status":"open","sticky":false,"template":"","format":"standard","meta":{"footnotes":""},"categories":[14,3],"tags":[],"class_list":["post-24407","post","type-post","status-publish","format-standard","has-post-thumbnail","hentry","category-destacadas","category-gobierno-del-estado-de-michoacan"],"_links":{"self":[{"href":"https:\/\/radiowebmx.com\/nota\/wp-json\/wp\/v2\/posts\/24407","targetHints":{"allow":["GET"]}}],"collection":[{"href":"https:\/\/radiowebmx.com\/nota\/wp-json\/wp\/v2\/posts"}],"about":[{"href":"https:\/\/radiowebmx.com\/nota\/wp-json\/wp\/v2\/types\/post"}],"author":[{"embeddable":true,"href":"https:\/\/radiowebmx.com\/nota\/wp-json\/wp\/v2\/users\/1"}],"replies":[{"embeddable":true,"href":"https:\/\/radiowebmx.com\/nota\/wp-json\/wp\/v2\/comments?post=24407"}],"version-history":[{"count":1,"href":"https:\/\/radiowebmx.com\/nota\/wp-json\/wp\/v2\/posts\/24407\/revisions"}],"predecessor-version":[{"id":24409,"href":"https:\/\/radiowebmx.com\/nota\/wp-json\/wp\/v2\/posts\/24407\/revisions\/24409"}],"wp:featuredmedia":[{"embeddable":true,"href":"https:\/\/radiowebmx.com\/nota\/wp-json\/wp\/v2\/media\/24408"}],"wp:attachment":[{"href":"https:\/\/radiowebmx.com\/nota\/wp-json\/wp\/v2\/media?parent=24407"}],"wp:term":[{"taxonomy":"category","embeddable":true,"href":"https:\/\/radiowebmx.com\/nota\/wp-json\/wp\/v2\/categories?post=24407"},{"taxonomy":"post_tag","embeddable":true,"href":"https:\/\/radiowebmx.com\/nota\/wp-json\/wp\/v2\/tags?post=24407"}],"curies":[{"name":"wp","href":"https:\/\/api.w.org\/{rel}","templated":true}]}}