{"id":24404,"date":"2016-06-30T11:27:57","date_gmt":"2016-06-30T16:27:57","guid":{"rendered":"https:\/\/radiowebmx.com\/nota\/?p=24404"},"modified":"2016-06-30T11:27:57","modified_gmt":"2016-06-30T16:27:57","slug":"realizan-conversatorio-los-migrantes-y-sus-familias-en-la-prevencion-social-del-delito","status":"publish","type":"post","link":"https:\/\/radiowebmx.com\/nota\/realizan-conversatorio-los-migrantes-y-sus-familias-en-la-prevencion-social-del-delito\/","title":{"rendered":"Realizan conversatorio \u201cLos migrantes y sus familias en la prevenci\u00f3n social del delito\u201d"},"content":{"rendered":"<p><a href=\"https:\/\/radiowebmx.com\/nota\/wp-content\/uploads\/2016\/06\/d8ad32ce-20b0-4b0c-9146-fd70fe915467.jpg\"><img loading=\"lazy\" decoding=\"async\" class=\"alignleft size-full wp-image-24405\" src=\"https:\/\/radiowebmx.com\/nota\/wp-content\/uploads\/2016\/06\/d8ad32ce-20b0-4b0c-9146-fd70fe915467.jpg\" alt=\"d8ad32ce-20b0-4b0c-9146-fd70fe915467\" width=\"591\" height=\"276\" srcset=\"https:\/\/radiowebmx.com\/nota\/wp-content\/uploads\/2016\/06\/d8ad32ce-20b0-4b0c-9146-fd70fe915467.jpg 591w, https:\/\/radiowebmx.com\/nota\/wp-content\/uploads\/2016\/06\/d8ad32ce-20b0-4b0c-9146-fd70fe915467-300x140.jpg 300w\" sizes=\"auto, (max-width: 591px) 100vw, 591px\" \/><\/a>Con el objetivo de generar di\u00e1logo entre acad\u00e9micos, estudiantes, organizaciones no gubernamentales y funcionarios de los tres \u00f3rdenes de gobierno en torno a la prevenci\u00f3n social del delito enfocada en los migrantes y sus familias, la Secretar\u00eda del Migrante (Semigrante), el Secretariado Ejecutivo del Sistema Estatal de Seguridad P\u00fablica y el Centro Estatal de Prevenci\u00f3n del Delito y Participaci\u00f3n Ciudadana (CEPDC) llevaron a cabo el Conversatorio, Reflexi\u00f3n y Acci\u00f3n \u201cLos Migrantes y sus Familias en la Prevenci\u00f3n Social del Delito\u201d.<\/p>\n<p>Al inaugurar este evento, Jos\u00e9 Luis Guti\u00e9rrez, titular de la Semigrante, resalt\u00f3 la visi\u00f3n y sensibilidad de Cristina Cort\u00e9s Carrillo, directora general del CEPDPC, para trabajar en un programa de prevenci\u00f3n del delito que sea completamente incluyente, \u201cpues ning\u00fan programa de prevenci\u00f3n del delito puede ser exitoso si no se incluye a los m\u00e1s de cuatro millones de michoacanos que radican en Estados Unidos\u201d, expres\u00f3.<\/p>\n<p>Asimismo, agradeci\u00f3 la asistencia de los diputados Macarena Ch\u00e1vez Flores y Wilfrido L\u00e1zaro Medina, presidentes de las comisiones de Asuntos Migratorios y de Seguridad P\u00fablica y Protecci\u00f3n Civil del Congreso del Estado, respectivamente.<\/p>\n<p>Jos\u00e9 Luis Guti\u00e9rrez coment\u00f3 que las aportaciones que los connacionales hacen al estado son importantes no solamente econ\u00f3micamente, las cuales representan el 80 por ciento del presupuesto estatal, sino en todos los \u00e1mbitos. \u201cPor ello debemos tener un mejor acompa\u00f1amiento en temas de desarrollo, mayores oportunidades y esto va de la mano con la prevenci\u00f3n del delito\u201d, apunt\u00f3.<\/p>\n<p>Se\u00f1al\u00f3 que este conversatorio est\u00e1 encaminado a generar un mejor entendimiento entre los michoacanos que est\u00e1n en la entidad, los que viven en Estados Unidos y los que est\u00e1n de regreso. \u201cM\u00e9xico es un pa\u00eds de origen, tr\u00e1nsito y ahora de retorno de migrantes, y sus pol\u00edticas p\u00fablicas tienen que obedecer a esa realidad. En Michoac\u00e1n estamos trabajando con la visi\u00f3n del Gobernador Silvano Aureoles Conejo, quien en su discurso inaugural declar\u00f3 que Michoac\u00e1n es un estado binacional, y por ello hoy nos encontramos aqu\u00ed sumando esfuerzos\u201d.<\/p>\n<p>Como parte de las actividades de este evento se llevaron a cabo las conferencias \u201cPrevenci\u00f3n Social del Delito\u201d, impartida por la conferencista Roc\u00edo Magali Rold\u00e1n Galindo; \u201cLos Flujos Migratorios y su Efecto en la Prevenci\u00f3n Social del Delito\u201d, ofrecida por Gonzalo Arroyo R\u00edos; y, \u201cEstado Binacional\u201d, expuesta por el secretario del Migrante.<\/p>\n","protected":false},"excerpt":{"rendered":"<p>Con el objetivo de generar di\u00e1logo entre acad\u00e9micos, estudiantes, organizaciones no gubernamentales y funcionarios de los tres \u00f3rdenes de gobierno en torno a la prevenci\u00f3n social del delito enfocada en los migrantes y sus familias, la Semigrante,<\/p>\n","protected":false},"author":1,"featured_media":24405,"comment_status":"open","ping_status":"open","sticky":false,"template":"","format":"standard","meta":{"footnotes":""},"categories":[14,3],"tags":[],"class_list":["post-24404","post","type-post","status-publish","format-standard","has-post-thumbnail","hentry","category-destacadas","category-gobierno-del-estado-de-michoacan"],"_links":{"self":[{"href":"https:\/\/radiowebmx.com\/nota\/wp-json\/wp\/v2\/posts\/24404","targetHints":{"allow":["GET"]}}],"collection":[{"href":"https:\/\/radiowebmx.com\/nota\/wp-json\/wp\/v2\/posts"}],"about":[{"href":"https:\/\/radiowebmx.com\/nota\/wp-json\/wp\/v2\/types\/post"}],"author":[{"embeddable":true,"href":"https:\/\/radiowebmx.com\/nota\/wp-json\/wp\/v2\/users\/1"}],"replies":[{"embeddable":true,"href":"https:\/\/radiowebmx.com\/nota\/wp-json\/wp\/v2\/comments?post=24404"}],"version-history":[{"count":1,"href":"https:\/\/radiowebmx.com\/nota\/wp-json\/wp\/v2\/posts\/24404\/revisions"}],"predecessor-version":[{"id":24406,"href":"https:\/\/radiowebmx.com\/nota\/wp-json\/wp\/v2\/posts\/24404\/revisions\/24406"}],"wp:featuredmedia":[{"embeddable":true,"href":"https:\/\/radiowebmx.com\/nota\/wp-json\/wp\/v2\/media\/24405"}],"wp:attachment":[{"href":"https:\/\/radiowebmx.com\/nota\/wp-json\/wp\/v2\/media?parent=24404"}],"wp:term":[{"taxonomy":"category","embeddable":true,"href":"https:\/\/radiowebmx.com\/nota\/wp-json\/wp\/v2\/categories?post=24404"},{"taxonomy":"post_tag","embeddable":true,"href":"https:\/\/radiowebmx.com\/nota\/wp-json\/wp\/v2\/tags?post=24404"}],"curies":[{"name":"wp","href":"https:\/\/api.w.org\/{rel}","templated":true}]}}