{"id":24400,"date":"2016-06-30T11:22:00","date_gmt":"2016-06-30T16:22:00","guid":{"rendered":"https:\/\/radiowebmx.com\/nota\/?p=24400"},"modified":"2016-06-30T11:22:00","modified_gmt":"2016-06-30T16:22:00","slug":"fortalecen-gobernador-y-sedesol-acciones-en-favor-de-las-y-los-michoacanos","status":"publish","type":"post","link":"https:\/\/radiowebmx.com\/nota\/fortalecen-gobernador-y-sedesol-acciones-en-favor-de-las-y-los-michoacanos\/","title":{"rendered":"Fortalecen Gobernador y Sedesol acciones en favor de las y los michoacanos"},"content":{"rendered":"<p><a href=\"https:\/\/radiowebmx.com\/nota\/wp-content\/uploads\/2016\/06\/3c235a06-6e7f-4762-a31d-7c6a5b3c664a.jpeg\"><img loading=\"lazy\" decoding=\"async\" class=\"alignleft size-full wp-image-24402\" src=\"https:\/\/radiowebmx.com\/nota\/wp-content\/uploads\/2016\/06\/3c235a06-6e7f-4762-a31d-7c6a5b3c664a.jpeg\" alt=\"3c235a06-6e7f-4762-a31d-7c6a5b3c664a\" width=\"591\" height=\"348\" srcset=\"https:\/\/radiowebmx.com\/nota\/wp-content\/uploads\/2016\/06\/3c235a06-6e7f-4762-a31d-7c6a5b3c664a.jpeg 591w, https:\/\/radiowebmx.com\/nota\/wp-content\/uploads\/2016\/06\/3c235a06-6e7f-4762-a31d-7c6a5b3c664a-300x177.jpeg 300w\" sizes=\"auto, (max-width: 591px) 100vw, 591px\" \/><\/a>El Gobernador del Estado, Silvano Aureoles Conejo y el secretario de Desarrollo Social, Jos\u00e9 Antonio Meade Kuribre\u00f1a, manifestaron su decisi\u00f3n de continuar sumando esfuerzos para potencializar los programas sociales en beneficio de la poblaci\u00f3n michoacana.<\/p>\n<p>En el marco de las Acciones por la Inclusi\u00f3n Social a beneficiarias y beneficiarios de Prospera, el mandatario y el funcionario federal hicieron entrega de diversos apoyos como: Seguro de Vida para Jefas de Familia, p\u00f3lizas del Seguro Popular, certificados de primaria y secundaria, sillas de ruedas, entre otros.<\/p>\n<p>Silvano Aureoles reiter\u00f3 su reconocimiento al Gobierno del presidente Enrique Pe\u00f1a Nieto, por el respaldo que ha brindado a la entidad, acompa\u00f1ando el esfuerzo diario que se hace en Michoac\u00e1n.<\/p>\n<p>Al respecto, el titular de la Sedesol reconoci\u00f3 y agradeci\u00f3 al mandatario estatal porque &#8220;todo este despliegue social est\u00e1 trabajando en paz y de forma ordenada, y no hemos dejado a Michoac\u00e1n, le agradecemos al Gobernador que nada impida el funcionamiento de los programas\u201d.<\/p>\n<p>En tanto que Aureoles Conejo refiri\u00f3 que con la coordinaci\u00f3n entre la Federaci\u00f3n, el estado y los municipios se est\u00e1n atendiendo las demandas m\u00e1s sentidas de la poblaci\u00f3n y en especial a un sector que requiere acompa\u00f1amiento, apoyo y atenci\u00f3n, como son las mujeres.<\/p>\n<p>Record\u00f3 que el pasado lunes, el secretario de Gobernaci\u00f3n, Miguel \u00c1ngel Osorio Chong, entreg\u00f3 la notificaci\u00f3n oficial de la declaratoria de Alerta de Violencia de G\u00e9nero contra las Mujeres (AVGM), en algunos municipios del estado, lo que dijo, es un acontecimiento importante que permite al Gobierno tomar medidas a tiempo y oportunas para defender y cuidar a las mujeres, no s\u00f3lo para erradicar de fondo cualquier expresi\u00f3n de violencia y maltrato, sino tambi\u00e9n para trabajar en generar acciones de bienestar y atenci\u00f3n oportuna.<\/p>\n<p>De igual forma, el mandatario comparti\u00f3 algunos de los programas sociales que su administraci\u00f3n ha puesto en marcha, como Palabra de Mujer, Beca Futuro, S\u00ed Alimenta, Avanza DIFerente, M\u00e9dico en tu Casa, entre otros.<\/p>\n<p>Ah\u00ed, Aureoles Conejo manifest\u00f3 su inter\u00e9s de revisar con la Sedesol, de qu\u00e9 forma se pueden potencializar recursos, complementar acciones y sectores para los que van dirigidos, para as\u00ed, poder entregar m\u00e1s y mejores resultados a la ciudadan\u00eda.<\/p>\n<p>En su turno, Jos\u00e9 Antonio Meade se\u00f1al\u00f3 que la dependencia est\u00e1 realizando recorridos por el pa\u00eds, porque el objetivo es trabajar de manera coordinada y dar acompa\u00f1amiento a los estados y a las familias mexicanas en el esfuerzo que hacen todos los d\u00edas para salir adelante.<\/p>\n<p>El funcionario se\u00f1al\u00f3 que desde el Gobierno de la Rep\u00fablica se han implementado acciones que est\u00e1n fortaleciendo al programa Prospera, tanto en materia educativa y de salud, por ello record\u00f3 que hoy todos los j\u00f3venes de preparatoria y universidades p\u00fablicas, ya pueden contar con acceso al Seguro Social.<\/p>\n<p>En el rubro de alimentaci\u00f3n precis\u00f3 que instancias como Liconsa y Diconsa, actualmente caminan de la mano para atender a las familias afiliadas a Prospera.<\/p>\n<p>Por su parte, la Coordinadora Nacional de Prospera, Paula Hern\u00e1ndez Olmos, indic\u00f3 que la pol\u00edtica social en M\u00e9xico ha cambiado y se hace de manera integral y transversal, con lo cual los beneficios de Prospera se suman a los de Liconsa, y a trav\u00e9s de una alianza con la Beneficencia P\u00fablica, las y los afiliados podr\u00e1n recibir apoyos funcionales, adem\u00e1s las mujeres podr\u00e1n acceder al Seguro de Vida para Jefas de Familia y Seguro Popular, y podr\u00e1n concluir su primaria o secundaria.<\/p>\n<p>A nombre de las beneficiarias, Guadalupe Hern\u00e1ndez, agradeci\u00f3 los apoyos y destac\u00f3 que gracias a Prospera han obtenido diversos beneficios que han representado la oportunidad de poder acceder a programas alimentarios y de salud.<\/p>\n<p><strong>Atenci\u00f3n integral para mejorar la calidad de vida de las y los michoacanos<\/strong><\/p>\n<p>Eran las 6:00 de la ma\u00f1ana y Josefina Castillo ten\u00eda todos los ingredientes listos, ella y sus compa\u00f1eras preparar\u00edan barbacoa con arroz para recibir al Gobernador Silvano Aureoles Conejo y al secretario de Desarrollo Social, Jos\u00e9 Antonio Meade Kuribre\u00f1a, quienes este d\u00eda visitaron el Centro Comunitario &#8220;Gertrudis S\u00e1nchez&#8221;, en la colonia del mismo nombre, para constatar las acciones que se emprenden para mejorar la calidad de vida de las familias m\u00e1s desprotegidas.<\/p>\n<p>Para verificar que los alimentos que se ofrecen en este espacio cumplen con los requerimientos para una buena nutrici\u00f3n, conforme la pol\u00edtica Sin Hambre lo indica, las autoridades acudieron al comedor que a diario recibe entre 80 y 120 personas de escasos recursos, en su mayor\u00eda adultos mayores, quienes por s\u00f3lo 5 pesos reciben un rico desayuno o comida.<\/p>\n<p>&#8220;\u00bfEst\u00e1 rica tu comida Joel?&#8221;, dijo el mandatario al peque\u00f1o, quien con una sonrisa contest\u00f3 que s\u00ed. Joel Alexander, quien tiene s\u00f3lo tres a\u00f1os, es uno de los ni\u00f1os que a diario acude a este comedor junto con su hermanita y su madre.<\/p>\n<p>El Gobernador manifest\u00f3 en su recorrido por este espacio, que es de suma importancia continuar las acciones coordinadas entre Estado, Federaci\u00f3n y Municipios, para acercar a las y los michoacanos atenci\u00f3n integral y mejore su calidad de vida.<\/p>\n<p>En este mismo espacio, Aureoles Conejo y Meade Kuribre\u00f1a convivieron en una &#8220;cascarita&#8221;, con parte de los j\u00f3venes que participan en el programa &#8220;F\u00fatbol por la inclusi\u00f3n&#8221;, que atiende a 65 varones y mujeres de entre 15 y 21 a\u00f1os con clases de regularizaci\u00f3n para que culminen su educaci\u00f3n secundaria y bachillerato, adem\u00e1s de que se les brinda desayuno y comida y un taller de entrenamiento en el balompi\u00e9 a cargo de tres entrenadores de la Comisi\u00f3n Estatal de Cultura F\u00edsica y Deporte (Cecufid).<\/p>\n<p>Durante el evento tambi\u00e9n estuvo presente, H\u00e9ctor Pablo Ram\u00edrez Puga Leyva,\u00a0 director general de Liconsa; la secretaria de Pol\u00edtica Social, Miriam Tinoco Soto; el secretario de Desarrollo Econ\u00f3mico,\u00a0 Antonio Soto S\u00e1nchez; el delegado de la Secretar\u00eda de Gobernaci\u00f3n, Florentino Coalla Pulido; el alcalde de Morelia, Alfonso Mart\u00ednez Alc\u00e1zar; el delegado de la Sedesol en Michoac\u00e1n, V\u00edctor Tapia Casta\u00f1eda; el gerente estatal de Liconsa, Ger\u00f3nimo Color Gasca; el diputado federal, Marco Polo Aguirre; la diputada local Yarab\u00ed \u00c1vila Gonz\u00e1lez, por mencionar algunos.<\/p>\n","protected":false},"excerpt":{"rendered":"<p>El Gobernador del Estado, Silvano Aureoles Conejo y el secretario de Desarrollo Social, Jos\u00e9 Antonio Meade Kuribre\u00f1a, manifestaron su decisi\u00f3n de continuar sumando esfuerzos para potencializar los programas sociales en beneficio de la poblaci\u00f3n michoacana.<\/p>\n","protected":false},"author":1,"featured_media":24402,"comment_status":"open","ping_status":"open","sticky":false,"template":"","format":"standard","meta":{"footnotes":""},"categories":[14,3],"tags":[],"class_list":["post-24400","post","type-post","status-publish","format-standard","has-post-thumbnail","hentry","category-destacadas","category-gobierno-del-estado-de-michoacan"],"_links":{"self":[{"href":"https:\/\/radiowebmx.com\/nota\/wp-json\/wp\/v2\/posts\/24400","targetHints":{"allow":["GET"]}}],"collection":[{"href":"https:\/\/radiowebmx.com\/nota\/wp-json\/wp\/v2\/posts"}],"about":[{"href":"https:\/\/radiowebmx.com\/nota\/wp-json\/wp\/v2\/types\/post"}],"author":[{"embeddable":true,"href":"https:\/\/radiowebmx.com\/nota\/wp-json\/wp\/v2\/users\/1"}],"replies":[{"embeddable":true,"href":"https:\/\/radiowebmx.com\/nota\/wp-json\/wp\/v2\/comments?post=24400"}],"version-history":[{"count":1,"href":"https:\/\/radiowebmx.com\/nota\/wp-json\/wp\/v2\/posts\/24400\/revisions"}],"predecessor-version":[{"id":24403,"href":"https:\/\/radiowebmx.com\/nota\/wp-json\/wp\/v2\/posts\/24400\/revisions\/24403"}],"wp:featuredmedia":[{"embeddable":true,"href":"https:\/\/radiowebmx.com\/nota\/wp-json\/wp\/v2\/media\/24402"}],"wp:attachment":[{"href":"https:\/\/radiowebmx.com\/nota\/wp-json\/wp\/v2\/media?parent=24400"}],"wp:term":[{"taxonomy":"category","embeddable":true,"href":"https:\/\/radiowebmx.com\/nota\/wp-json\/wp\/v2\/categories?post=24400"},{"taxonomy":"post_tag","embeddable":true,"href":"https:\/\/radiowebmx.com\/nota\/wp-json\/wp\/v2\/tags?post=24400"}],"curies":[{"name":"wp","href":"https:\/\/api.w.org\/{rel}","templated":true}]}}