{"id":24379,"date":"2016-06-29T12:55:25","date_gmt":"2016-06-29T17:55:25","guid":{"rendered":"https:\/\/radiowebmx.com\/nota\/?p=24379"},"modified":"2016-06-29T12:55:25","modified_gmt":"2016-06-29T17:55:25","slug":"otorga-si-financia-creditos-para-fortalecer-al-sector-agropecuario","status":"publish","type":"post","link":"https:\/\/radiowebmx.com\/nota\/otorga-si-financia-creditos-para-fortalecer-al-sector-agropecuario\/","title":{"rendered":"Otorga S\u00ed Financia cr\u00e9ditos para fortalecer al sector agropecuario"},"content":{"rendered":"<p><a href=\"https:\/\/radiowebmx.com\/nota\/wp-content\/uploads\/2016\/06\/4963d23b-bebe-443f-88dc-38fbe07ce8e7.jpeg\"><img loading=\"lazy\" decoding=\"async\" class=\"alignleft size-full wp-image-24380\" src=\"https:\/\/radiowebmx.com\/nota\/wp-content\/uploads\/2016\/06\/4963d23b-bebe-443f-88dc-38fbe07ce8e7.jpeg\" alt=\"4963d23b-bebe-443f-88dc-38fbe07ce8e7\" width=\"591\" height=\"281\" srcset=\"https:\/\/radiowebmx.com\/nota\/wp-content\/uploads\/2016\/06\/4963d23b-bebe-443f-88dc-38fbe07ce8e7.jpeg 591w, https:\/\/radiowebmx.com\/nota\/wp-content\/uploads\/2016\/06\/4963d23b-bebe-443f-88dc-38fbe07ce8e7-300x143.jpeg 300w\" sizes=\"auto, (max-width: 591px) 100vw, 591px\" \/><\/a>En atenci\u00f3n a las instrucciones del Gobernador Silvano Aureoles Conejo de apuntalar las pol\u00edticas p\u00fablicas dirigidas del sector agropecuario, el Sistema Integral de Financiamiento para el Desarrollo de Michoac\u00e1n (S\u00ed Financia) otorg\u00f3 2.9 millones de pesos en cr\u00e9ditos destinados a fortalecer el sector primario de la entidad.<\/p>\n<p>Durante la tercera sesi\u00f3n extraordinaria del Comit\u00e9 T\u00e9cnico del Fondo de Garant\u00eda Agropecuaria Complementaria para el Estado de Michoac\u00e1n (FOGAMICH) se autorizaron 28 proyectos de cr\u00e9ditos que ser\u00e1n destinados a actividades de mantenimiento de huertas de guayaba, mango, ciruela, zarzamora; para el cultivo de jitomate y avena; y para compra de ganado bovino con doble prop\u00f3sito.<\/p>\n<p>El director general de S\u00ed Financia, Benjam\u00edn Hern\u00e1ndez, destac\u00f3 que el financiamiento a este tipo de proyectos beneficia a la conservaci\u00f3n del mismo n\u00famero de empleos y permitir\u00e1 la generaci\u00f3n de 218 nuevos puestos laborales.<\/p>\n<p>\u201cLos financiamientos que otorga el S\u00ed Financia contribuyen de manera inmediata a impulsar el desarrollo econ\u00f3mico de Michoac\u00e1n, una de las prioridades del Gobernador del Estado, Silvano Aureoles Conejo,\u201d destac\u00f3 el titular de S\u00ed Financia.<\/p>\n","protected":false},"excerpt":{"rendered":"<p>En atenci\u00f3n a las instrucciones del Gobernador Silvano Aureoles Conejo de apuntalar las pol\u00edticas p\u00fablicas dirigidas del sector agropecuario, el S\u00ed Financia otorg\u00f3 2.9 millones de pesos en cr\u00e9ditos destinados a fortalecer el sector primario de la entidad.<\/p>\n","protected":false},"author":1,"featured_media":24380,"comment_status":"open","ping_status":"open","sticky":false,"template":"","format":"standard","meta":{"footnotes":""},"categories":[14,3],"tags":[],"class_list":["post-24379","post","type-post","status-publish","format-standard","has-post-thumbnail","hentry","category-destacadas","category-gobierno-del-estado-de-michoacan"],"_links":{"self":[{"href":"https:\/\/radiowebmx.com\/nota\/wp-json\/wp\/v2\/posts\/24379","targetHints":{"allow":["GET"]}}],"collection":[{"href":"https:\/\/radiowebmx.com\/nota\/wp-json\/wp\/v2\/posts"}],"about":[{"href":"https:\/\/radiowebmx.com\/nota\/wp-json\/wp\/v2\/types\/post"}],"author":[{"embeddable":true,"href":"https:\/\/radiowebmx.com\/nota\/wp-json\/wp\/v2\/users\/1"}],"replies":[{"embeddable":true,"href":"https:\/\/radiowebmx.com\/nota\/wp-json\/wp\/v2\/comments?post=24379"}],"version-history":[{"count":1,"href":"https:\/\/radiowebmx.com\/nota\/wp-json\/wp\/v2\/posts\/24379\/revisions"}],"predecessor-version":[{"id":24381,"href":"https:\/\/radiowebmx.com\/nota\/wp-json\/wp\/v2\/posts\/24379\/revisions\/24381"}],"wp:featuredmedia":[{"embeddable":true,"href":"https:\/\/radiowebmx.com\/nota\/wp-json\/wp\/v2\/media\/24380"}],"wp:attachment":[{"href":"https:\/\/radiowebmx.com\/nota\/wp-json\/wp\/v2\/media?parent=24379"}],"wp:term":[{"taxonomy":"category","embeddable":true,"href":"https:\/\/radiowebmx.com\/nota\/wp-json\/wp\/v2\/categories?post=24379"},{"taxonomy":"post_tag","embeddable":true,"href":"https:\/\/radiowebmx.com\/nota\/wp-json\/wp\/v2\/tags?post=24379"}],"curies":[{"name":"wp","href":"https:\/\/api.w.org\/{rel}","templated":true}]}}