{"id":24338,"date":"2016-06-28T11:46:24","date_gmt":"2016-06-28T16:46:24","guid":{"rendered":"https:\/\/radiowebmx.com\/nota\/?p=24338"},"modified":"2016-06-28T11:46:24","modified_gmt":"2016-06-28T16:46:24","slug":"busca-cobaem-regionalizar-sus-libros-de-texto-para-fortalecer-la-calidad-educativa","status":"publish","type":"post","link":"https:\/\/radiowebmx.com\/nota\/busca-cobaem-regionalizar-sus-libros-de-texto-para-fortalecer-la-calidad-educativa\/","title":{"rendered":"Busca Cobaem regionalizar sus libros de texto para fortalecer la calidad educativa"},"content":{"rendered":"<p><a href=\"https:\/\/radiowebmx.com\/nota\/wp-content\/uploads\/2016\/06\/ed5d4858-921a-440c-ab19-16121b89553a.jpg\"><img loading=\"lazy\" decoding=\"async\" class=\"alignleft size-full wp-image-24339\" src=\"https:\/\/radiowebmx.com\/nota\/wp-content\/uploads\/2016\/06\/ed5d4858-921a-440c-ab19-16121b89553a.jpg\" alt=\"ed5d4858-921a-440c-ab19-16121b89553a\" width=\"591\" height=\"309\" srcset=\"https:\/\/radiowebmx.com\/nota\/wp-content\/uploads\/2016\/06\/ed5d4858-921a-440c-ab19-16121b89553a.jpg 591w, https:\/\/radiowebmx.com\/nota\/wp-content\/uploads\/2016\/06\/ed5d4858-921a-440c-ab19-16121b89553a-300x157.jpg 300w\" sizes=\"auto, (max-width: 591px) 100vw, 591px\" \/><\/a>Con el objetivo de consolidar el trabajo entre los planteles que conforman las Coordinaciones Sectoriales, el Colegio de Bachilleres del Estado de Michoac\u00e1n (Cobaem) realiz\u00f3 las Reuniones de Academia Sectorial por Grado y Campo de Conocimiento.<\/p>\n<p>Con estas actividades se busca propiciar que el personal directivo y docente enriquezca su desempe\u00f1o e incorpore nuevos desaf\u00edos en su quehacer acad\u00e9mico.<\/p>\n<p>El director general del Cobaem, Alejandro Bustos Aguilar, felicit\u00f3 a los participantes de estas reuniones y se congratul\u00f3 por saber que se toman en cuenta los programas de lectura y ecolog\u00eda que ha implementado su administraci\u00f3n, ya que son l\u00edneas transversales para la mejora de la calidad educativa.<\/p>\n<p>Agreg\u00f3 que estas reuniones de academia son de suma importancia, ya que abre la posibilidad a que los docentes produzcan los libros de texto que se llevan en el Cobaem, en pro de fortalecer la calidad de la educaci\u00f3n con textos regionalizados.<\/p>\n<p>Finalmente, destac\u00f3 la importancia del apoyo que el Gobernador de Michoac\u00e1n, Silvano Aureoles Conejo, le ha brindado al Cobaem y reconoci\u00f3 el trabajo de los docentes frente a grupo.<\/p>\n<p>Los directivos, docentes, encargados de las bibliotecas y laboratoristas, se dieron cita en las diversas sedes que se instalaron en los planteles de Jacona, Apatzing\u00e1n, Cuitzeo, Quiroga, Uruapan, Tiquicheo, Tac\u00e1mbaro, Tlazazalca, Zicuir\u00e1n y Morelia.<\/p>\n","protected":false},"excerpt":{"rendered":"<p>Con el objetivo de consolidar el trabajo entre los planteles que conforman las Coordinaciones Sectoriales, el Cobaem realiz\u00f3 las Reuniones de Academia Sectorial por Grado y Campo de Conocimiento.<\/p>\n","protected":false},"author":1,"featured_media":24339,"comment_status":"open","ping_status":"open","sticky":false,"template":"","format":"standard","meta":{"footnotes":""},"categories":[14,3],"tags":[],"class_list":["post-24338","post","type-post","status-publish","format-standard","has-post-thumbnail","hentry","category-destacadas","category-gobierno-del-estado-de-michoacan"],"_links":{"self":[{"href":"https:\/\/radiowebmx.com\/nota\/wp-json\/wp\/v2\/posts\/24338","targetHints":{"allow":["GET"]}}],"collection":[{"href":"https:\/\/radiowebmx.com\/nota\/wp-json\/wp\/v2\/posts"}],"about":[{"href":"https:\/\/radiowebmx.com\/nota\/wp-json\/wp\/v2\/types\/post"}],"author":[{"embeddable":true,"href":"https:\/\/radiowebmx.com\/nota\/wp-json\/wp\/v2\/users\/1"}],"replies":[{"embeddable":true,"href":"https:\/\/radiowebmx.com\/nota\/wp-json\/wp\/v2\/comments?post=24338"}],"version-history":[{"count":1,"href":"https:\/\/radiowebmx.com\/nota\/wp-json\/wp\/v2\/posts\/24338\/revisions"}],"predecessor-version":[{"id":24340,"href":"https:\/\/radiowebmx.com\/nota\/wp-json\/wp\/v2\/posts\/24338\/revisions\/24340"}],"wp:featuredmedia":[{"embeddable":true,"href":"https:\/\/radiowebmx.com\/nota\/wp-json\/wp\/v2\/media\/24339"}],"wp:attachment":[{"href":"https:\/\/radiowebmx.com\/nota\/wp-json\/wp\/v2\/media?parent=24338"}],"wp:term":[{"taxonomy":"category","embeddable":true,"href":"https:\/\/radiowebmx.com\/nota\/wp-json\/wp\/v2\/categories?post=24338"},{"taxonomy":"post_tag","embeddable":true,"href":"https:\/\/radiowebmx.com\/nota\/wp-json\/wp\/v2\/tags?post=24338"}],"curies":[{"name":"wp","href":"https:\/\/api.w.org\/{rel}","templated":true}]}}